{"id":24494,"date":"2013-03-15T10:19:31","date_gmt":"2013-03-15T10:19:31","guid":{"rendered":"http:\/\/tv.dms3labs.cat\/el-vendrell-sera-salida-de-la-7a-etapa-de-la-volta-2013\/"},"modified":"2013-03-15T10:19:31","modified_gmt":"2013-03-15T10:19:31","slug":"el-vendrell-sera-salida-de-la-7a-etapa-de-la-volta-2013","status":"publish","type":"post","link":"https:\/\/www.elvendrellturisme.com\/es\/el-vendrell-sera-salida-de-la-7a-etapa-de-la-volta-2013\/","title":{"rendered":"El Vendrell ser\u00e1 salida de la 7a etapa de la Volta 2013"},"content":{"rendered":"<p>La s\u00e9ptima y \u00faltima etapa de la Vuelta Ciclista de Catalu\u00f1a tendr\u00e1 su salida el pr\u00f3ximo 24 de marzo, a las 13.25 h, en la calle de Ramon d&#8217;Abadal (el P\u00e8lag) del Vendrell y finalizar\u00e1 en Barcelona, con un recorrido de 122,20 km.<\/p>\n<p>Este a\u00f1o la Vuelta ha querido ofrecer, sin ning\u00fan coste econ\u00f3mico, la organizaci\u00f3n de la salida de la \u00faltima etapa como uno de los actos de celebraci\u00f3n del centenario del Club d&#8217;Esports Vendrell, puesto que este Club inici\u00f3 su actividad en el a\u00f1o 1913 con la secci\u00f3n de ciclismo.<\/p>\n<p>La presentaci\u00f3n de la 93a Vuelta Ciclista de Catalu\u00f1a se realizar\u00e1 este viernes 15 de marzo a las 6 de la tarde en los estudios de Tv3 en Sant Joan Desp\u00ed, en un programa especial que emitir\u00e1 el canal Esport3, en que se explicar\u00e1n los detalles t\u00e9cnicos de la carrera. Asimismo, se descubrir\u00e1 el cartel oficial, obra del pintor Xano Armenter.<\/p>\n<p>En este acto se entregar\u00e1n las medallas de honor de la Vuelta, que este a\u00f1o han sido otorgadas a las siguientes personas:<br \/>\nSr. Vicen\u00e7 Bellido, presidente de la UE Sants (a t\u00edtulo p\u00f3stumo)<br \/>\nSr. Pere Alcober, exregidor de Sants-Monju\u00efc y exdiputado de Deportes<br \/>\nSr. Pepe Guti\u00e9rrez, periodista con una gran presencia en el mundo del ciclismo<br \/>\nSr. Josep Maria Vilanova, exmiembro del Consejo Directivo de la Vuelta<br \/>\nSr. Joan Alonso, responsable de se\u00f1alizaci\u00f3n de la Vuelta<\/p>\n<p>El regidor de Deportes, Sergi Teruel, considera que &quot;en el a\u00f1o del centenario del Club d&#8217;Esports Vendrell es todo un honor para nuestro pueblo que la Vuelta Ciclista de Catalu\u00f1a haya tenido este detalle para homenajear aquellos que empezaron a hacer deporte dentro de un club deportivo en el Vendrell, puesto que es un acto que beneficia a nuestro municipio por la magnitud que tiene esta carrera ciclista en el \u00e1mbito mundial.&quot;<\/p>\n","protected":false},"excerpt":{"rendered":"<p>La s\u00e9ptima y \u00faltima etapa de la Vuelta Ciclista de Catalu\u00f1a tendr\u00e1 su salida el pr\u00f3ximo 24 de marzo, a las 13.25 h, en la calle de Ramon d&#8217;Abadal (el P\u00e8lag) del Vendrell y finalizar\u00e1 en Barcelona, con un recorrido de 122,20 km. Este a\u00f1o la Vuelta ha querido ofrecer, sin ning\u00fan coste econ\u00f3mico, la [&hellip;]<\/p>\n","protected":false},"author":1,"featured_media":22512,"comment_status":"open","ping_status":"closed","sticky":false,"template":"","format":"standard","meta":{"_acf_changed":false,"_et_pb_use_builder":"","_et_pb_old_content":"","_et_gb_content_width":"","content-type":"","footnotes":""},"categories":[],"tags":[],"dipi_cpt_category":[],"class_list":["post-24494","post","type-post","status-publish","format-standard","has-post-thumbnail","hentry"],"acf":[],"_links":{"self":[{"href":"https:\/\/www.elvendrellturisme.com\/es\/wp-json\/wp\/v2\/posts\/24494","targetHints":{"allow":["GET"]}}],"collection":[{"href":"https:\/\/www.elvendrellturisme.com\/es\/wp-json\/wp\/v2\/posts"}],"about":[{"href":"https:\/\/www.elvendrellturisme.com\/es\/wp-json\/wp\/v2\/types\/post"}],"author":[{"embeddable":true,"href":"https:\/\/www.elvendrellturisme.com\/es\/wp-json\/wp\/v2\/users\/1"}],"replies":[{"embeddable":true,"href":"https:\/\/www.elvendrellturisme.com\/es\/wp-json\/wp\/v2\/comments?post=24494"}],"version-history":[{"count":0,"href":"https:\/\/www.elvendrellturisme.com\/es\/wp-json\/wp\/v2\/posts\/24494\/revisions"}],"wp:featuredmedia":[{"embeddable":true,"href":"https:\/\/www.elvendrellturisme.com\/es\/wp-json\/wp\/v2\/media\/22512"}],"wp:attachment":[{"href":"https:\/\/www.elvendrellturisme.com\/es\/wp-json\/wp\/v2\/media?parent=24494"}],"wp:term":[{"taxonomy":"category","embeddable":true,"href":"https:\/\/www.elvendrellturisme.com\/es\/wp-json\/wp\/v2\/categories?post=24494"},{"taxonomy":"post_tag","embeddable":true,"href":"https:\/\/www.elvendrellturisme.com\/es\/wp-json\/wp\/v2\/tags?post=24494"},{"taxonomy":"dipi_cpt_category","embeddable":true,"href":"https:\/\/www.elvendrellturisme.com\/es\/wp-json\/wp\/v2\/dipi_cpt_category?post=24494"}],"curies":[{"name":"wp","href":"https:\/\/api.w.org\/{rel}","templated":true}]}}