{"id":24496,"date":"2013-03-20T09:19:09","date_gmt":"2013-03-20T09:19:09","guid":{"rendered":"http:\/\/tv.dms3labs.cat\/la-obra-de-philippe-lavaill-en-la-sala-portal-del-pardo\/"},"modified":"2013-03-20T09:19:09","modified_gmt":"2013-03-20T09:19:09","slug":"la-obra-de-philippe-lavaill-en-la-sala-portal-del-pardo","status":"publish","type":"post","link":"https:\/\/www.elvendrellturisme.com\/es\/la-obra-de-philippe-lavaill-en-la-sala-portal-del-pardo\/","title":{"rendered":"La obra de Philippe Lavaill en la Sala Portal del Pardo"},"content":{"rendered":"<p>El pr\u00f3ximo mi\u00e9rcoles 27 de marzo, a las 20 h, en la Sala Portal del Pardo, tendr\u00e1 lugar la inauguraci\u00f3n de la exposici\u00f3n de esculturas de Philippe Lavaill.<\/p>\n<p>Seg\u00fan el poeta Joan Graell, &quot;Philippe Lavaill es un artista completo. Su formaci\u00f3n a ambos lados de los Pirineo, a caballo entre la cultura catalana y la francesa, se hace patente en su manera de concebir el arte como una esencia fundamental de la vida. Cualquier obra suya, ya sea una escultura, una pintura o un dibujo, fascina y colma el sentimiento de quien la contempla, por la forma en que expresa la fugacidad del presente y recupera antiguos conceptos y valores a los cuales nos tendr\u00edamos que volver a acoger&quot;. El director de la Fundaci\u00f3n Apelas Fenosa, Josep Miquel Garcia, explica que &quot;Philippe Lavaill es conocedor de la contenci\u00f3n de la pulsi\u00f3n art\u00edstica. Toda su energ\u00eda desbordante e imaginativa se serena en la dificultad, que resuelve con maestr\u00eda, de solidificar con forma de metales aquello que en su origen es una idea&quot;.<\/p>\n<p>La exposici\u00f3n de Philippe Lavaill se podr\u00e1 visitar en la Sala Portal del Pardo hasta el domingo 28 de abril, de martes a viernes de 17 h a 20 h, s\u00e1bados de 11 h a 14 h y de 17 h a 20 h, y domingos y festivos de 11 h a 14 h.<\/p>\n","protected":false},"excerpt":{"rendered":"<p>El pr\u00f3ximo mi\u00e9rcoles 27 de marzo, a las 20 h, en la Sala Portal del Pardo, tendr\u00e1 lugar la inauguraci\u00f3n de la exposici\u00f3n de esculturas de Philippe Lavaill. Seg\u00fan el poeta Joan Graell, &quot;Philippe Lavaill es un artista completo. Su formaci\u00f3n a ambos lados de los Pirineo, a caballo entre la cultura catalana y la [&hellip;]<\/p>\n","protected":false},"author":1,"featured_media":22516,"comment_status":"open","ping_status":"closed","sticky":false,"template":"","format":"standard","meta":{"_acf_changed":false,"_et_pb_use_builder":"","_et_pb_old_content":"","_et_gb_content_width":"","content-type":"","footnotes":""},"categories":[],"tags":[],"dipi_cpt_category":[],"class_list":["post-24496","post","type-post","status-publish","format-standard","has-post-thumbnail","hentry"],"acf":[],"_links":{"self":[{"href":"https:\/\/www.elvendrellturisme.com\/es\/wp-json\/wp\/v2\/posts\/24496","targetHints":{"allow":["GET"]}}],"collection":[{"href":"https:\/\/www.elvendrellturisme.com\/es\/wp-json\/wp\/v2\/posts"}],"about":[{"href":"https:\/\/www.elvendrellturisme.com\/es\/wp-json\/wp\/v2\/types\/post"}],"author":[{"embeddable":true,"href":"https:\/\/www.elvendrellturisme.com\/es\/wp-json\/wp\/v2\/users\/1"}],"replies":[{"embeddable":true,"href":"https:\/\/www.elvendrellturisme.com\/es\/wp-json\/wp\/v2\/comments?post=24496"}],"version-history":[{"count":0,"href":"https:\/\/www.elvendrellturisme.com\/es\/wp-json\/wp\/v2\/posts\/24496\/revisions"}],"wp:featuredmedia":[{"embeddable":true,"href":"https:\/\/www.elvendrellturisme.com\/es\/wp-json\/wp\/v2\/media\/22516"}],"wp:attachment":[{"href":"https:\/\/www.elvendrellturisme.com\/es\/wp-json\/wp\/v2\/media?parent=24496"}],"wp:term":[{"taxonomy":"category","embeddable":true,"href":"https:\/\/www.elvendrellturisme.com\/es\/wp-json\/wp\/v2\/categories?post=24496"},{"taxonomy":"post_tag","embeddable":true,"href":"https:\/\/www.elvendrellturisme.com\/es\/wp-json\/wp\/v2\/tags?post=24496"},{"taxonomy":"dipi_cpt_category","embeddable":true,"href":"https:\/\/www.elvendrellturisme.com\/es\/wp-json\/wp\/v2\/dipi_cpt_category?post=24496"}],"curies":[{"name":"wp","href":"https:\/\/api.w.org\/{rel}","templated":true}]}}