{"id":24498,"date":"2013-03-22T13:44:39","date_gmt":"2013-03-22T13:44:39","guid":{"rendered":"http:\/\/tv.dms3labs.cat\/el-vendrell-se-prepara-para-acoger-los-juegos-del-mediterraneo-2017\/"},"modified":"2013-03-22T13:44:39","modified_gmt":"2013-03-22T13:44:39","slug":"el-vendrell-se-prepara-para-acoger-los-juegos-del-mediterraneo-2017","status":"publish","type":"post","link":"https:\/\/www.elvendrellturisme.com\/es\/el-vendrell-se-prepara-para-acoger-los-juegos-del-mediterraneo-2017\/","title":{"rendered":"El Vendrell se prepara para acoger los Juegos del Mediterr\u00e1neo 2017"},"content":{"rendered":"<p>Hace unos d\u00edas, el regidor de Deportes del Vendrell, Sergi Teruel, se reuni\u00f3 con miembros de la organizaci\u00f3n de los Juegos del Mediterr\u00e1neo 2017 y esta semana lo ha hecho con la Comisi\u00f3n T\u00e9cnica de los Juegos. El encuentro, celebrado en el Patronato de Deportes del Vendrell, ha servido para determinar de forma m\u00e1s concreta las necesidades t\u00e9cnicas de los equipamientos que se podr\u00edan utilizar en el Vendrell como sede de los Juegos. Adem\u00e1s, Sergi Teruel tambi\u00e9n ha explicado que se seguir\u00e1 trabajando en la implicaci\u00f3n de los clubes y entidades del municipio y en el proceso de captaci\u00f3n de voluntarios.<\/p>\n<p>Por otro lado, el regidor ha explicado que tambi\u00e9n se empezar\u00e1 a hablar sobre la comisi\u00f3n t\u00e9cnica municipal que tendr\u00e1 asignadas diferentes funciones &quot;como la de planificar las actuaciones necesarias para la reforma o adecuaci\u00f3n de las instalaciones, elaborar el proyecto de dinamizaci\u00f3n de su deporte, planificar los elementos necesarios para la competici\u00f3n, participar en la captaci\u00f3n, formaci\u00f3n y gesti\u00f3n del equipo de voluntarios TGN 2017 y participar en los programas JJMM TGN 2017 en las escuelas&quot;.<\/p>\n<p>Una vez m\u00e1s, Sergi Teruel afirma, &quot;que los Juegos del Mediterr\u00e1neo TGN 2017 pueden ser un objetivo que nos obligue a todos a trabajar de forma conjunta, buscando el consenso entre instituciones p\u00fablicas, entidades y clubes deportivos y sociedad civil. Tienen que ser unos Juegos muy participativos y en los que todo el mundo tenga cabida.<\/p>\n","protected":false},"excerpt":{"rendered":"<p>Hace unos d\u00edas, el regidor de Deportes del Vendrell, Sergi Teruel, se reuni\u00f3 con miembros de la organizaci\u00f3n de los Juegos del Mediterr\u00e1neo 2017 y esta semana lo ha hecho con la Comisi\u00f3n T\u00e9cnica de los Juegos. El encuentro, celebrado en el Patronato de Deportes del Vendrell, ha servido para determinar de forma m\u00e1s concreta [&hellip;]<\/p>\n","protected":false},"author":1,"featured_media":22519,"comment_status":"open","ping_status":"closed","sticky":false,"template":"","format":"standard","meta":{"_acf_changed":false,"_et_pb_use_builder":"","_et_pb_old_content":"","_et_gb_content_width":"","content-type":"","footnotes":""},"categories":[],"tags":[],"dipi_cpt_category":[],"class_list":["post-24498","post","type-post","status-publish","format-standard","has-post-thumbnail","hentry"],"acf":[],"_links":{"self":[{"href":"https:\/\/www.elvendrellturisme.com\/es\/wp-json\/wp\/v2\/posts\/24498","targetHints":{"allow":["GET"]}}],"collection":[{"href":"https:\/\/www.elvendrellturisme.com\/es\/wp-json\/wp\/v2\/posts"}],"about":[{"href":"https:\/\/www.elvendrellturisme.com\/es\/wp-json\/wp\/v2\/types\/post"}],"author":[{"embeddable":true,"href":"https:\/\/www.elvendrellturisme.com\/es\/wp-json\/wp\/v2\/users\/1"}],"replies":[{"embeddable":true,"href":"https:\/\/www.elvendrellturisme.com\/es\/wp-json\/wp\/v2\/comments?post=24498"}],"version-history":[{"count":0,"href":"https:\/\/www.elvendrellturisme.com\/es\/wp-json\/wp\/v2\/posts\/24498\/revisions"}],"wp:featuredmedia":[{"embeddable":true,"href":"https:\/\/www.elvendrellturisme.com\/es\/wp-json\/wp\/v2\/media\/22519"}],"wp:attachment":[{"href":"https:\/\/www.elvendrellturisme.com\/es\/wp-json\/wp\/v2\/media?parent=24498"}],"wp:term":[{"taxonomy":"category","embeddable":true,"href":"https:\/\/www.elvendrellturisme.com\/es\/wp-json\/wp\/v2\/categories?post=24498"},{"taxonomy":"post_tag","embeddable":true,"href":"https:\/\/www.elvendrellturisme.com\/es\/wp-json\/wp\/v2\/tags?post=24498"},{"taxonomy":"dipi_cpt_category","embeddable":true,"href":"https:\/\/www.elvendrellturisme.com\/es\/wp-json\/wp\/v2\/dipi_cpt_category?post=24498"}],"curies":[{"name":"wp","href":"https:\/\/api.w.org\/{rel}","templated":true}]}}