{"id":24500,"date":"2013-03-28T14:16:57","date_gmt":"2013-03-28T14:16:57","guid":{"rendered":"http:\/\/tv.dms3labs.cat\/iii-jornadas-intergeneracionales\/"},"modified":"2013-03-28T14:16:57","modified_gmt":"2013-03-28T14:16:57","slug":"iii-jornadas-intergeneracionales","status":"publish","type":"post","link":"https:\/\/www.elvendrellturisme.com\/es\/iii-jornadas-intergeneracionales\/","title":{"rendered":"III Jornadas Intergeneracionales"},"content":{"rendered":"<p>El pr\u00f3ximo martes se abren las inscripciones para participar de las III Jornadas Intergeneracionales &quot;Abuelo, trae a tu nieto&#8217; Nieto, trae a tu abuelo&quot;.<\/p>\n<p>El Museo Deu y el \u00e1rea de Gente mayor del Ayuntamiento del Vendrell organizan las III Jornadas intergeneracionales que traen por t\u00edtulo &quot;Abuelo, trae a tu nieto! Nieto, trae a tu abuelo!&quot;.<\/p>\n<p>Todas las actividades de estas jornadas son gratuitas y se realizan en el Museo Deu. Para participar hay que inscribirse previamente, tanto si se quiere asistir a todas las actividades o s\u00f3lo a alguna en concreto. Las inscripciones se pueden realizar del 2 al 10 de abril en el mismo Museo Deu (pla\u00e7a Nova 6, tel. 977 66 63 08, a\/e: museudeu@elvendrell.net) o en el \u00e1rea de Gente Mayor (Esplai de Gent Gran del T\u00edvoli, 2\u00ba piso, tel. 977 15 43 16).<\/p>\n<p>Las tres actividades preparadas para estas jornadas est\u00e1n dise\u00f1adas alrededor de la figura del \u00c0ngel Tobies del Vendrell.<\/p>\n<p>De este modo, el viernes 19 de abril a partir de las 17:30 h se realizar\u00e1 la primera actividad que consistir\u00e1 en un recorrido desde la plaza de Francesc Maci\u00e0 hasta el Museo Deu de donde se podr\u00e1n conocer m\u00e1s detalles sobre la figura del \u00c0ngel en una interesante exposici\u00f3n.<\/p>\n<p>En la siguiente actividad, que tendr\u00e1 lugar el viernes 26 de abril alas 17:30 h, se podr\u00e1 ver un audiovisual del NO-DON del a\u00f1o 1958, El \u00c1ngel negro, y se completar\u00e1 con una explicaci\u00f3n dinamizada de la historia del \u00c1ngel, as\u00ed como de la bajada de la escultura que se realiz\u00f3 en el mes de julio del 1998 y la posterior subida en noviembre del mismo a\u00f1o. Adem\u00e1s, los abuelos podr\u00e1n transmitir a los ni\u00f1os sus conocimientos y recuerdos respeto de esta figura, conversando mientras se lleva a cabo un taller recortable del \u00c0ngel Tobies.<\/p>\n<p>El viernes 3 de mayo por la tarde, bajo el nombre &quot;Un \u00e1ngel de fiesta&quot;,se producir\u00e1 la conclusi\u00f3n de las Jornadas, donde abuelos y nietos podr\u00e1n disfrutar juntos de diferentes actividades as\u00ed como de una merienda de pan con chocolate.<\/p>\n<p>Desde el \u00e1rea de Gente Mayor del Ayuntamiento del Vendrell se valora positivamente el \u00e9xito obtenido en las ediciones anteriores, hecho que motiva la voluntad de potenciar este proyecto intergeneracional que quiere reforzar la relaci\u00f3n familiar entre abuelos y nietos.<\/p>\n","protected":false},"excerpt":{"rendered":"<p>El pr\u00f3ximo martes se abren las inscripciones para participar de las III Jornadas Intergeneracionales &quot;Abuelo, trae a tu nieto&#8217; Nieto, trae a tu abuelo&quot;. El Museo Deu y el \u00e1rea de Gente mayor del Ayuntamiento del Vendrell organizan las III Jornadas intergeneracionales que traen por t\u00edtulo &quot;Abuelo, trae a tu nieto! Nieto, trae a tu [&hellip;]<\/p>\n","protected":false},"author":1,"featured_media":22523,"comment_status":"open","ping_status":"closed","sticky":false,"template":"","format":"standard","meta":{"_acf_changed":false,"_et_pb_use_builder":"","_et_pb_old_content":"","_et_gb_content_width":"","content-type":"","footnotes":""},"categories":[],"tags":[],"dipi_cpt_category":[],"class_list":["post-24500","post","type-post","status-publish","format-standard","has-post-thumbnail","hentry"],"acf":[],"_links":{"self":[{"href":"https:\/\/www.elvendrellturisme.com\/es\/wp-json\/wp\/v2\/posts\/24500","targetHints":{"allow":["GET"]}}],"collection":[{"href":"https:\/\/www.elvendrellturisme.com\/es\/wp-json\/wp\/v2\/posts"}],"about":[{"href":"https:\/\/www.elvendrellturisme.com\/es\/wp-json\/wp\/v2\/types\/post"}],"author":[{"embeddable":true,"href":"https:\/\/www.elvendrellturisme.com\/es\/wp-json\/wp\/v2\/users\/1"}],"replies":[{"embeddable":true,"href":"https:\/\/www.elvendrellturisme.com\/es\/wp-json\/wp\/v2\/comments?post=24500"}],"version-history":[{"count":0,"href":"https:\/\/www.elvendrellturisme.com\/es\/wp-json\/wp\/v2\/posts\/24500\/revisions"}],"wp:featuredmedia":[{"embeddable":true,"href":"https:\/\/www.elvendrellturisme.com\/es\/wp-json\/wp\/v2\/media\/22523"}],"wp:attachment":[{"href":"https:\/\/www.elvendrellturisme.com\/es\/wp-json\/wp\/v2\/media?parent=24500"}],"wp:term":[{"taxonomy":"category","embeddable":true,"href":"https:\/\/www.elvendrellturisme.com\/es\/wp-json\/wp\/v2\/categories?post=24500"},{"taxonomy":"post_tag","embeddable":true,"href":"https:\/\/www.elvendrellturisme.com\/es\/wp-json\/wp\/v2\/tags?post=24500"},{"taxonomy":"dipi_cpt_category","embeddable":true,"href":"https:\/\/www.elvendrellturisme.com\/es\/wp-json\/wp\/v2\/dipi_cpt_category?post=24500"}],"curies":[{"name":"wp","href":"https:\/\/api.w.org\/{rel}","templated":true}]}}