{"id":24502,"date":"2013-04-03T13:28:10","date_gmt":"2013-04-03T13:28:10","guid":{"rendered":"http:\/\/tv.dms3labs.cat\/continua-el-ciclo-de-jazz-con-conciertos-en-la-escuela-musics-y-en-el-auditori\/"},"modified":"2013-04-03T13:28:10","modified_gmt":"2013-04-03T13:28:10","slug":"continua-el-ciclo-de-jazz-con-conciertos-en-la-escuela-musics-y-en-el-auditori","status":"publish","type":"post","link":"https:\/\/www.elvendrellturisme.com\/es\/continua-el-ciclo-de-jazz-con-conciertos-en-la-escuela-musics-y-en-el-auditori\/","title":{"rendered":"Contin\u00faa el Ciclo de Jazz con conciertos en la Escuela M\u00fasics y en el Auditori"},"content":{"rendered":"<p>Este fin de semana vuelve a ser un fin de semana de jazz: Jazz en Vendrell y Jazz en el Auditorio. El viernes 5 de abril en la Escuela M\u00fasics del Vendrell, a las 20:30 h, actuaci\u00f3n de Berni-Quadrada Duet: el trompetista Ramon Quadrada y el pianista Jordi Berni, dos de las figuras m\u00e1s destacadas del jazz de Catalu\u00f1a, presentar\u00e1n en directo su \u00faltimo trabajo, In essence, un repertorio de est\u00e1ndares y composiciones propias.<\/p>\n<p>Al d\u00eda siguiente, el s\u00e1bado 6 de abril, a las 22 h, en el Auditorio Pau Casals, actuar\u00e1n cuatro j\u00f3venes m\u00fasicos activos dentro de la escena jazz\u00edstica barcelonesa: TAK!<\/p>\n<p>Formado por Roger Mart\u00ednez al saxo, Manel Forti\u00e0 al contrabajo, Juanjo Fern\u00e1ndez al piano y Marc B\u00f3dalo a la bater\u00eda, este cuarteto se dedica a interpretar temas propios en que la improvisaci\u00f3n y la interacci\u00f3n son los elementos m\u00e1s importantes, con influencias de Brad Mehldau, Robert Glasper, Avishai Cohen, David Binney y otros estilos musicales, como el hip hop o el funk.<\/p>\n<p>Para m\u00e1s informaci\u00f3n y compra de entradas para los conciertos, consultar el espacio web www.auditoripaucasals.cat.<\/p>\n","protected":false},"excerpt":{"rendered":"<p>Este fin de semana vuelve a ser un fin de semana de jazz: Jazz en Vendrell y Jazz en el Auditorio. El viernes 5 de abril en la Escuela M\u00fasics del Vendrell, a las 20:30 h, actuaci\u00f3n de Berni-Quadrada Duet: el trompetista Ramon Quadrada y el pianista Jordi Berni, dos de las figuras m\u00e1s destacadas [&hellip;]<\/p>\n","protected":false},"author":1,"featured_media":22527,"comment_status":"open","ping_status":"closed","sticky":false,"template":"","format":"standard","meta":{"_acf_changed":false,"_et_pb_use_builder":"","_et_pb_old_content":"","_et_gb_content_width":"","content-type":"","footnotes":""},"categories":[],"tags":[],"dipi_cpt_category":[],"class_list":["post-24502","post","type-post","status-publish","format-standard","has-post-thumbnail","hentry"],"acf":[],"_links":{"self":[{"href":"https:\/\/www.elvendrellturisme.com\/es\/wp-json\/wp\/v2\/posts\/24502","targetHints":{"allow":["GET"]}}],"collection":[{"href":"https:\/\/www.elvendrellturisme.com\/es\/wp-json\/wp\/v2\/posts"}],"about":[{"href":"https:\/\/www.elvendrellturisme.com\/es\/wp-json\/wp\/v2\/types\/post"}],"author":[{"embeddable":true,"href":"https:\/\/www.elvendrellturisme.com\/es\/wp-json\/wp\/v2\/users\/1"}],"replies":[{"embeddable":true,"href":"https:\/\/www.elvendrellturisme.com\/es\/wp-json\/wp\/v2\/comments?post=24502"}],"version-history":[{"count":0,"href":"https:\/\/www.elvendrellturisme.com\/es\/wp-json\/wp\/v2\/posts\/24502\/revisions"}],"wp:featuredmedia":[{"embeddable":true,"href":"https:\/\/www.elvendrellturisme.com\/es\/wp-json\/wp\/v2\/media\/22527"}],"wp:attachment":[{"href":"https:\/\/www.elvendrellturisme.com\/es\/wp-json\/wp\/v2\/media?parent=24502"}],"wp:term":[{"taxonomy":"category","embeddable":true,"href":"https:\/\/www.elvendrellturisme.com\/es\/wp-json\/wp\/v2\/categories?post=24502"},{"taxonomy":"post_tag","embeddable":true,"href":"https:\/\/www.elvendrellturisme.com\/es\/wp-json\/wp\/v2\/tags?post=24502"},{"taxonomy":"dipi_cpt_category","embeddable":true,"href":"https:\/\/www.elvendrellturisme.com\/es\/wp-json\/wp\/v2\/dipi_cpt_category?post=24502"}],"curies":[{"name":"wp","href":"https:\/\/api.w.org\/{rel}","templated":true}]}}