{"id":24503,"date":"2013-04-06T10:55:23","date_gmt":"2013-04-06T10:55:23","guid":{"rendered":"http:\/\/tv.dms3labs.cat\/el-presidente-de-la-generalitat-visita-el-vendrell\/"},"modified":"2013-04-06T10:55:23","modified_gmt":"2013-04-06T10:55:23","slug":"el-presidente-de-la-generalitat-visita-el-vendrell","status":"publish","type":"post","link":"https:\/\/www.elvendrellturisme.com\/es\/el-presidente-de-la-generalitat-visita-el-vendrell\/","title":{"rendered":"El presidente de la Generalitat visita el Vendrell"},"content":{"rendered":"<p>El presidente de la Generalitat, Artur Mas, estuvo ayer en el Vendrell en el marco de una visita institucional para conocer dos de los elementos destacados del patrimonio cultural del municipio: el \u00f3rgano barroco de la iglesia y el Museo Apel\u00b7les Fenosa.<\/p>\n<p>El titular del Ejecutivo estuvo acompa\u00f1ado en la visita por el consejero de Cultura, Ferran Mascarell, y por el delegado del Gobierno en Tarragona, Joaquim Nin, entre otras autoridades. La agenda del titular del Gobierno comenz\u00f3 en el Ayuntamiento del Vendrell, donde fue recibido por el alcalde, Benet Jan\u00e9, as\u00ed como por la corporaci\u00f3n municipal. En la Sala de Plenos, el presidente de la Generalitat firm\u00f3 el Libro de Honor del Ayuntamiento y tambi\u00e9n el Libro de Honor de los Nens del Vendrell. En la Sala estaban presentes varios representantes de la colla castellera, entre ellos, \u00d2scar Garcia, persona que cogi\u00f3 el relevo del m\u00edtico cap de colla de los Nens, Jan Perejil, quien fue el encargado de custodiar el libro durante varias d\u00e9cadas.<\/p>\n<p>A continuaci\u00f3n, el presidente y el resto de autoridades visitaron la iglesia del Vendrell, donde fueron recibidos por el rector de la parroquia, Mn. Joan M. Padrell, y por el presidente de la Asociaci\u00f3n de Amigos del \u00d3rgano del Vendrell, Xavier Mercad\u00e9, y por varios miembros de esta entidad. In situ, estos explicaron al presidente la historia de este instrumento construido a finales del s. XVIII, as\u00ed como los trabajos de la \u00faltima restauraci\u00f3n. El presidente pudo escuchar la sonoridad de esta joya musical del barroco, gracias a la interpretaci\u00f3n de una pieza a cargo del organista Salvador Guasch.<\/p>\n<p>A continuaci\u00f3n, Artur Mas visit\u00f3 el Museo Apel\u00b7les Fenosa, donde fue recibido por el director del equipamiento, Josep Miquel Garcia. El presidente recorri\u00f3 las diversas salas del Museo, donde conoci\u00f3 la colecci\u00f3n permanente de esculturas originales en terracota y tiza salidas del estudio del artista, una selecci\u00f3n de bronces monumentales y la exposici\u00f3n temporal &quot;La colecci\u00f3n de Apel\u00b7les y Nicole Fenosa&quot;.<\/p>\n<p>En el jard\u00edn del Museo se llevaron cabo los parlamentos institucionales, durante los cuales el alcalde del Vendrell agradeci\u00f3 al presidente su visita al Vendrell y el inter\u00e9s por conocer una parte importante de su patrimonio cultural. Benet Jan\u00e9 tambi\u00e9n aprovech\u00f3 la ocasi\u00f3n para recordar al presidente que nuestro municipio, como el pa\u00eds en general, pasa por dificultades econ\u00f3micas importantes y que tanto las administraciones como los ciudadanos tienen que hacer esfuerzos suplementarios para mantener los servicios, y en especial, algunos tan importantes como lo son los servicios sociales.<\/p>\n<p>En su turno, Artur Mas explic\u00f3 que la restauraci\u00f3n del \u00f3rgano del Vendrell y el dinamismo del Museo Fenosa son ejemplos de que Catalu\u00f1a es un pa\u00eds vivo, como tambi\u00e9n lo es la inauguraci\u00f3n que presidir\u00eda ayer del edificio del Instituto Catal\u00e1n de Paleoecolog\u00eda Humana y Evoluci\u00f3n Social, ubicado en el campus Sescelades de la Universitat Rovira i Virgili, en Tarragona&quot;.<\/p>\n<p>En su intervenci\u00f3n, el jefe de Gobierno se refiiri\u00f3 a la situaci\u00f3n que atraviesa Catalu\u00f1a en la actualidad, que calific\u00f3 de &quot;emergencia nacional&quot;. Para hacerle frente,dijo Mas, &quot;hay que unir esfuerzos y tener objetivos comunes&quot; y en este sentido apel\u00f3 a las fuerzas pol\u00edticas y a todas las personas que comparten los valores catalanistas a trabajar por el inter\u00e9s general y a dejar a un lado la confrontaci\u00f3n de la pol\u00edtica tradicional. &quot;En situaciones de emergencia&quot;, manifest\u00f3 Mas, &quot;hacen falta c\u00f3digos nuevos&quot;.<\/p>\n<p>Seg\u00fan el presidente, el primer paso para salir adelante es aceptar la realidad y estar dispuesto a intentar transformarla. En este sentido, Artur Mas puso de ejemplo el escultor Apel\u00b7les Fenosa, quien acept\u00f3 el exilio y aprovech\u00f3 su talento para transformar la realidad, a pesar de la dureza del momento.<\/p>\n","protected":false},"excerpt":{"rendered":"<p>El presidente de la Generalitat, Artur Mas, estuvo ayer en el Vendrell en el marco de una visita institucional para conocer dos de los elementos destacados del patrimonio cultural del municipio: el \u00f3rgano barroco de la iglesia y el Museo Apel\u00b7les Fenosa. El titular del Ejecutivo estuvo acompa\u00f1ado en la visita por el consejero de [&hellip;]<\/p>\n","protected":false},"author":1,"featured_media":22529,"comment_status":"open","ping_status":"closed","sticky":false,"template":"","format":"standard","meta":{"_acf_changed":false,"_et_pb_use_builder":"","_et_pb_old_content":"","_et_gb_content_width":"","content-type":"","footnotes":""},"categories":[],"tags":[],"dipi_cpt_category":[],"class_list":["post-24503","post","type-post","status-publish","format-standard","has-post-thumbnail","hentry"],"acf":[],"_links":{"self":[{"href":"https:\/\/www.elvendrellturisme.com\/es\/wp-json\/wp\/v2\/posts\/24503","targetHints":{"allow":["GET"]}}],"collection":[{"href":"https:\/\/www.elvendrellturisme.com\/es\/wp-json\/wp\/v2\/posts"}],"about":[{"href":"https:\/\/www.elvendrellturisme.com\/es\/wp-json\/wp\/v2\/types\/post"}],"author":[{"embeddable":true,"href":"https:\/\/www.elvendrellturisme.com\/es\/wp-json\/wp\/v2\/users\/1"}],"replies":[{"embeddable":true,"href":"https:\/\/www.elvendrellturisme.com\/es\/wp-json\/wp\/v2\/comments?post=24503"}],"version-history":[{"count":0,"href":"https:\/\/www.elvendrellturisme.com\/es\/wp-json\/wp\/v2\/posts\/24503\/revisions"}],"wp:featuredmedia":[{"embeddable":true,"href":"https:\/\/www.elvendrellturisme.com\/es\/wp-json\/wp\/v2\/media\/22529"}],"wp:attachment":[{"href":"https:\/\/www.elvendrellturisme.com\/es\/wp-json\/wp\/v2\/media?parent=24503"}],"wp:term":[{"taxonomy":"category","embeddable":true,"href":"https:\/\/www.elvendrellturisme.com\/es\/wp-json\/wp\/v2\/categories?post=24503"},{"taxonomy":"post_tag","embeddable":true,"href":"https:\/\/www.elvendrellturisme.com\/es\/wp-json\/wp\/v2\/tags?post=24503"},{"taxonomy":"dipi_cpt_category","embeddable":true,"href":"https:\/\/www.elvendrellturisme.com\/es\/wp-json\/wp\/v2\/dipi_cpt_category?post=24503"}],"curies":[{"name":"wp","href":"https:\/\/api.w.org\/{rel}","templated":true}]}}