{"id":24504,"date":"2013-04-08T13:08:45","date_gmt":"2013-04-08T13:08:45","guid":{"rendered":"http:\/\/tv.dms3labs.cat\/el-nuevo-espectaculo-del-mago-andreu-este-viernes-en-el-tag\/"},"modified":"2013-04-08T13:08:45","modified_gmt":"2013-04-08T13:08:45","slug":"el-nuevo-espectaculo-del-mago-andreu-este-viernes-en-el-tag","status":"publish","type":"post","link":"https:\/\/www.elvendrellturisme.com\/es\/el-nuevo-espectaculo-del-mago-andreu-este-viernes-en-el-tag\/","title":{"rendered":"El nuevo espect\u00e1culo del Mago Andreu, este viernes en el T\u00c0G"},"content":{"rendered":"<p>El pr\u00f3ximo viernes 12 de abril, a las 22 h, la programaci\u00f3n contin\u00faa en el Teatro Municipal \u00c0ngel Guimer\u00e0 del Vendrell con el espect\u00e1culo &quot;Soy el mejor. 33 a\u00f1os de magia con el Mago Andreu&quot;. Este nuevo espect\u00e1culo del Mago Andreu constituye un viaje m\u00e1gico por las vivencias y experiencias que ha vivido a lo largo de sus 33 a\u00f1os como profesional de la magia.<\/p>\n<p>Con Joana Andreu, C\u00e8sar Vinuesa y el gran Mago Andreu, reviviremos sus mejores trucos, aquellos que hacen emocionar y los que lo hicieron dedicarse a este arte.<\/p>\n<p>Las entradas se pueden adquirir a un precio \u00fanico de 12 euros, mediante el servicio de Tel-Entrada (tel. 902 10 12 12 y www.telentrada.com), dirigi\u00e9ndose a la sede del Patronato Municipal de Servicios Culturales, en la Rambla, 24 (antigua Biblioteca) en horario de 10 h a 14 h, o una hora antes del inicio del espect\u00e1culo en las taquillas del teatro.<\/p>\n","protected":false},"excerpt":{"rendered":"<p>El pr\u00f3ximo viernes 12 de abril, a las 22 h, la programaci\u00f3n contin\u00faa en el Teatro Municipal \u00c0ngel Guimer\u00e0 del Vendrell con el espect\u00e1culo &quot;Soy el mejor. 33 a\u00f1os de magia con el Mago Andreu&quot;. Este nuevo espect\u00e1culo del Mago Andreu constituye un viaje m\u00e1gico por las vivencias y experiencias que ha vivido a lo [&hellip;]<\/p>\n","protected":false},"author":1,"featured_media":22531,"comment_status":"open","ping_status":"closed","sticky":false,"template":"","format":"standard","meta":{"_acf_changed":false,"_et_pb_use_builder":"","_et_pb_old_content":"","_et_gb_content_width":"","content-type":"","footnotes":""},"categories":[],"tags":[],"dipi_cpt_category":[],"class_list":["post-24504","post","type-post","status-publish","format-standard","has-post-thumbnail","hentry"],"acf":[],"_links":{"self":[{"href":"https:\/\/www.elvendrellturisme.com\/es\/wp-json\/wp\/v2\/posts\/24504","targetHints":{"allow":["GET"]}}],"collection":[{"href":"https:\/\/www.elvendrellturisme.com\/es\/wp-json\/wp\/v2\/posts"}],"about":[{"href":"https:\/\/www.elvendrellturisme.com\/es\/wp-json\/wp\/v2\/types\/post"}],"author":[{"embeddable":true,"href":"https:\/\/www.elvendrellturisme.com\/es\/wp-json\/wp\/v2\/users\/1"}],"replies":[{"embeddable":true,"href":"https:\/\/www.elvendrellturisme.com\/es\/wp-json\/wp\/v2\/comments?post=24504"}],"version-history":[{"count":0,"href":"https:\/\/www.elvendrellturisme.com\/es\/wp-json\/wp\/v2\/posts\/24504\/revisions"}],"wp:featuredmedia":[{"embeddable":true,"href":"https:\/\/www.elvendrellturisme.com\/es\/wp-json\/wp\/v2\/media\/22531"}],"wp:attachment":[{"href":"https:\/\/www.elvendrellturisme.com\/es\/wp-json\/wp\/v2\/media?parent=24504"}],"wp:term":[{"taxonomy":"category","embeddable":true,"href":"https:\/\/www.elvendrellturisme.com\/es\/wp-json\/wp\/v2\/categories?post=24504"},{"taxonomy":"post_tag","embeddable":true,"href":"https:\/\/www.elvendrellturisme.com\/es\/wp-json\/wp\/v2\/tags?post=24504"},{"taxonomy":"dipi_cpt_category","embeddable":true,"href":"https:\/\/www.elvendrellturisme.com\/es\/wp-json\/wp\/v2\/dipi_cpt_category?post=24504"}],"curies":[{"name":"wp","href":"https:\/\/api.w.org\/{rel}","templated":true}]}}