{"id":24508,"date":"2013-04-15T13:43:07","date_gmt":"2013-04-15T13:43:07","guid":{"rendered":"http:\/\/tv.dms3labs.cat\/se-abre-el-periodo-para-participar-en-el-i-concurso-de-carteles-para-la-feria-de-santa-teresa-2013\/"},"modified":"2013-04-15T13:43:07","modified_gmt":"2013-04-15T13:43:07","slug":"se-abre-el-periodo-para-participar-en-el-i-concurso-de-carteles-para-la-feria-de-santa-teresa-2013","status":"publish","type":"post","link":"https:\/\/www.elvendrellturisme.com\/es\/se-abre-el-periodo-para-participar-en-el-i-concurso-de-carteles-para-la-feria-de-santa-teresa-2013\/","title":{"rendered":"Se abre el per\u00edodo para participar en el I Concurso de Carteles para la Feria de Santa Teresa 2013"},"content":{"rendered":"<p>El plazo para participar en el I Concurso de Carteles para la Feria de Santa Teresa 2013 estar\u00e1 abierto hasta el pr\u00f3ximo 7 de junio a las 20 h. As\u00ed, cualquier persona que tenga m\u00e1s de 18 a\u00f1os, de manera individual o colectiva, puede presentar una \u00fanica obra original e in\u00e9dita. El tema del cartel es libre, con la \u00fanica obligatoriedad que conste el texto &quot;Fira de Santa Teresa 2013 \u2013 El Vendrell \u2013 10, 11, 12 i 13 d&#8217;octubre&quot;, teniendo en cuenta que este a\u00f1o se celebra la Feria de Cer\u00e1mica y el Mostrav\u00ed. En el cartel tambi\u00e9n debe figurar la imagen corporativa del Ayuntamiento del Vendrell. (La base con los logotipos, la distribuci\u00f3n y los colores se puede encontrar en la web www.elvendrell.net).<\/p>\n<p>El veredicto del Jurado se har\u00e1 p\u00fablico el 11 de junio, a las 12 h, en la Sala de Plenos del Ayuntamiento. El cartel ganador ser\u00e1 premiado con 300 euros y quedar\u00e1 en propiedad del Ayuntamiento del Vendrell, que puede reproducirlo y adaptarlo a diferentes formatos y soportes para difundir la Feria de Santa Teresa del 2013.<\/p>\n<p>Se pueden consultar las bases completas en la p\u00e1gina web del Ayuntamiento de Vendrell (www.elvendrell.net)<\/p>\n","protected":false},"excerpt":{"rendered":"<p>El plazo para participar en el I Concurso de Carteles para la Feria de Santa Teresa 2013 estar\u00e1 abierto hasta el pr\u00f3ximo 7 de junio a las 20 h. As\u00ed, cualquier persona que tenga m\u00e1s de 18 a\u00f1os, de manera individual o colectiva, puede presentar una \u00fanica obra original e in\u00e9dita. El tema del cartel [&hellip;]<\/p>\n","protected":false},"author":1,"featured_media":22539,"comment_status":"open","ping_status":"closed","sticky":false,"template":"","format":"standard","meta":{"_acf_changed":false,"_et_pb_use_builder":"","_et_pb_old_content":"","_et_gb_content_width":"","content-type":"","footnotes":""},"categories":[],"tags":[],"dipi_cpt_category":[],"class_list":["post-24508","post","type-post","status-publish","format-standard","has-post-thumbnail","hentry"],"acf":[],"_links":{"self":[{"href":"https:\/\/www.elvendrellturisme.com\/es\/wp-json\/wp\/v2\/posts\/24508","targetHints":{"allow":["GET"]}}],"collection":[{"href":"https:\/\/www.elvendrellturisme.com\/es\/wp-json\/wp\/v2\/posts"}],"about":[{"href":"https:\/\/www.elvendrellturisme.com\/es\/wp-json\/wp\/v2\/types\/post"}],"author":[{"embeddable":true,"href":"https:\/\/www.elvendrellturisme.com\/es\/wp-json\/wp\/v2\/users\/1"}],"replies":[{"embeddable":true,"href":"https:\/\/www.elvendrellturisme.com\/es\/wp-json\/wp\/v2\/comments?post=24508"}],"version-history":[{"count":0,"href":"https:\/\/www.elvendrellturisme.com\/es\/wp-json\/wp\/v2\/posts\/24508\/revisions"}],"wp:featuredmedia":[{"embeddable":true,"href":"https:\/\/www.elvendrellturisme.com\/es\/wp-json\/wp\/v2\/media\/22539"}],"wp:attachment":[{"href":"https:\/\/www.elvendrellturisme.com\/es\/wp-json\/wp\/v2\/media?parent=24508"}],"wp:term":[{"taxonomy":"category","embeddable":true,"href":"https:\/\/www.elvendrellturisme.com\/es\/wp-json\/wp\/v2\/categories?post=24508"},{"taxonomy":"post_tag","embeddable":true,"href":"https:\/\/www.elvendrellturisme.com\/es\/wp-json\/wp\/v2\/tags?post=24508"},{"taxonomy":"dipi_cpt_category","embeddable":true,"href":"https:\/\/www.elvendrellturisme.com\/es\/wp-json\/wp\/v2\/dipi_cpt_category?post=24508"}],"curies":[{"name":"wp","href":"https:\/\/api.w.org\/{rel}","templated":true}]}}