{"id":24509,"date":"2013-04-16T09:01:54","date_gmt":"2013-04-16T09:01:54","guid":{"rendered":"http:\/\/tv.dms3labs.cat\/iii-jornadas-intergeneracionales-en-el-museu-deu\/"},"modified":"2013-04-16T09:01:54","modified_gmt":"2013-04-16T09:01:54","slug":"iii-jornadas-intergeneracionales-en-el-museu-deu","status":"publish","type":"post","link":"https:\/\/www.elvendrellturisme.com\/es\/iii-jornadas-intergeneracionales-en-el-museu-deu\/","title":{"rendered":"III Jornadas Intergeneracionales en el Museu Deu"},"content":{"rendered":"<p>Este viernes a las cinco y media de la tarde empiezan las III Jornadas Intergeneracionales en el Museo Deu. Todo el que quiera puede traer a su nieto o venir con los abuelos a pasar una tarde divertida para conocer la historia del \u00c1ngel del campanario.<\/p>\n<p>Un a\u00f1o m\u00e1s, el Museo Deu y el \u00e1rea de la Gente Mayor del Ayuntamiento del Vendrell unifican esfuerzos para abordar la intergeneracionalidad desde la vertiente patrimonial.<\/p>\n<p>&quot;Un \u00e1ngel que gira!&quot; es la primera actividad que se celebra esta semana. Los asistentes escuchar\u00e1n qui\u00e9n representa el protagonista de las jornadas y, adem\u00e1s, lo podr\u00e1n observar a trav\u00e9s de un telescopio, paseando por las calles. La visita finalizar\u00e1 en la sala del s\u00f3tano del Museo Deu, donde habr\u00e1 una peque\u00f1a exposici\u00f3n con reproducciones de la escultura que corona el campanario de la iglesia.<\/p>\n<p>Estas jornadas, en que los protagonistas son abuelos y nietos, aportan a los m\u00e1s grandes nuevas formas de afrontar el envejecimiento y, adem\u00e1s, hacen posible el di\u00e1logo y la interacci\u00f3n entre diferentes generaciones. Los actos que se han preparado este a\u00f1o tienen como finalidad fomentar tambi\u00e9n la colaboraci\u00f3n y la solidaridad entre los participantes y tratar la transmisi\u00f3n oral intergeneracional como pilar de la comunicaci\u00f3n de valores, hechos, secretos e historias.<\/p>\n<p>Tanto el \u00e1rea de la Gente Mayor como el Museo Deu de han procurado que los ejes conductores de cada Jornada fueran temas que aportaran conocimientos sobre el pasado de la villa o sobre el entorno m\u00e1s inmediato. En este caso, se ha elegido un s\u00edmbolo y una se\u00f1al de indentidad de los vendrellences: el \u00c1ngel del campanario.<\/p>\n<p>Las III Jornadas Intergeneracionales pretenden acercar a los m\u00e1s peque\u00f1os, a trav\u00e9s del testimonio de los m\u00e1s grandes, a la figura de la escultura (veleta y pararrayos) que corona el campanario de la iglesia desde el a\u00f1o 1784.<\/p>\n","protected":false},"excerpt":{"rendered":"<p>Este viernes a las cinco y media de la tarde empiezan las III Jornadas Intergeneracionales en el Museo Deu. Todo el que quiera puede traer a su nieto o venir con los abuelos a pasar una tarde divertida para conocer la historia del \u00c1ngel del campanario. Un a\u00f1o m\u00e1s, el Museo Deu y el \u00e1rea [&hellip;]<\/p>\n","protected":false},"author":1,"featured_media":22541,"comment_status":"open","ping_status":"closed","sticky":false,"template":"","format":"standard","meta":{"_acf_changed":false,"_et_pb_use_builder":"","_et_pb_old_content":"","_et_gb_content_width":"","content-type":"","footnotes":""},"categories":[],"tags":[],"dipi_cpt_category":[],"class_list":["post-24509","post","type-post","status-publish","format-standard","has-post-thumbnail","hentry"],"acf":[],"_links":{"self":[{"href":"https:\/\/www.elvendrellturisme.com\/es\/wp-json\/wp\/v2\/posts\/24509","targetHints":{"allow":["GET"]}}],"collection":[{"href":"https:\/\/www.elvendrellturisme.com\/es\/wp-json\/wp\/v2\/posts"}],"about":[{"href":"https:\/\/www.elvendrellturisme.com\/es\/wp-json\/wp\/v2\/types\/post"}],"author":[{"embeddable":true,"href":"https:\/\/www.elvendrellturisme.com\/es\/wp-json\/wp\/v2\/users\/1"}],"replies":[{"embeddable":true,"href":"https:\/\/www.elvendrellturisme.com\/es\/wp-json\/wp\/v2\/comments?post=24509"}],"version-history":[{"count":0,"href":"https:\/\/www.elvendrellturisme.com\/es\/wp-json\/wp\/v2\/posts\/24509\/revisions"}],"wp:featuredmedia":[{"embeddable":true,"href":"https:\/\/www.elvendrellturisme.com\/es\/wp-json\/wp\/v2\/media\/22541"}],"wp:attachment":[{"href":"https:\/\/www.elvendrellturisme.com\/es\/wp-json\/wp\/v2\/media?parent=24509"}],"wp:term":[{"taxonomy":"category","embeddable":true,"href":"https:\/\/www.elvendrellturisme.com\/es\/wp-json\/wp\/v2\/categories?post=24509"},{"taxonomy":"post_tag","embeddable":true,"href":"https:\/\/www.elvendrellturisme.com\/es\/wp-json\/wp\/v2\/tags?post=24509"},{"taxonomy":"dipi_cpt_category","embeddable":true,"href":"https:\/\/www.elvendrellturisme.com\/es\/wp-json\/wp\/v2\/dipi_cpt_category?post=24509"}],"curies":[{"name":"wp","href":"https:\/\/api.w.org\/{rel}","templated":true}]}}