{"id":24510,"date":"2013-04-16T11:54:29","date_gmt":"2013-04-16T11:54:29","guid":{"rendered":"http:\/\/tv.dms3labs.cat\/el-ciclo-de-jazz-finaliza-este-fin-de-semana-con-dos-conciertos-de-ignasi-terraza\/"},"modified":"2013-04-16T11:54:29","modified_gmt":"2013-04-16T11:54:29","slug":"el-ciclo-de-jazz-finaliza-este-fin-de-semana-con-dos-conciertos-de-ignasi-terraza","status":"publish","type":"post","link":"https:\/\/www.elvendrellturisme.com\/es\/el-ciclo-de-jazz-finaliza-este-fin-de-semana-con-dos-conciertos-de-ignasi-terraza\/","title":{"rendered":"El Ciclo de Jazz finaliza este fin de semana con dos conciertos de Ignasi Terraza"},"content":{"rendered":"<p>El viernes 19 de abril, a las 9 de la noche, tendr\u00e1 lugar en la iglesia parroquial del Vendrell el primer concierto de Ignasi Terraza, acompa\u00f1ado del trompetista brit\u00e1nico Damon Brown, con un programa de jazz expreso para la ocasi\u00f3n, en el cual experimentar\u00e1n con la riqueza de sonidos del restaurado \u00f3rgano del Vendrell. Esta formaci\u00f3n, poco frecuente en el mundo del jazz, remite a las grabaciones del pianista y organista norteamericano Fats Waller, antes de la aparici\u00f3n del \u00f3rgano electr\u00f3nico.<\/p>\n<p>El segundo concierto ser\u00e1 el s\u00e1bado 20 de abril, en el Auditorio Pau Casals, a las 10 de la noche, un concierto de lujo para cerrar el Ciclo de Jazz al Auditorio de este a\u00f1o: Ignasi Terraza presentar\u00e1 su \u00faltimo trabajo, Sol-IT, que incluye versiones muy personales en piano de est\u00e1ndares conocidos del jazz junto con composiciones propias.<\/p>\n<p>Ignasi Terraza fue distinguido en el a\u00f1o 2009 con el primer premio del Jacksonville International Jazz Piano Competition en los Estados Unidos, y en 2012 galardonado con el premio al mejor disco de jazz del 2011 de la revista Ja\u00e7 por el trabajo Live at The Living Room, Bangkok. Participa en varias formaciones, como Ignasi Terraza Trio, Andrea Motis &#038; Joan Chamorro grup o Barcelona Jazz Orquestra, entre otros, pero siempre con el sello distintivo del swing.<\/p>\n<p>Para m\u00e1s informaci\u00f3n y compra de entradas para los conciertos del Ciclo de Jazz en el Auditorio, hay que consultar la web www.auditoripaucasals.cat .<\/p>\n","protected":false},"excerpt":{"rendered":"<p>El viernes 19 de abril, a las 9 de la noche, tendr\u00e1 lugar en la iglesia parroquial del Vendrell el primer concierto de Ignasi Terraza, acompa\u00f1ado del trompetista brit\u00e1nico Damon Brown, con un programa de jazz expreso para la ocasi\u00f3n, en el cual experimentar\u00e1n con la riqueza de sonidos del restaurado \u00f3rgano del Vendrell. Esta [&hellip;]<\/p>\n","protected":false},"author":1,"featured_media":22543,"comment_status":"open","ping_status":"closed","sticky":false,"template":"","format":"standard","meta":{"_acf_changed":false,"_et_pb_use_builder":"","_et_pb_old_content":"","_et_gb_content_width":"","content-type":"","footnotes":""},"categories":[],"tags":[],"dipi_cpt_category":[],"class_list":["post-24510","post","type-post","status-publish","format-standard","has-post-thumbnail","hentry"],"acf":[],"_links":{"self":[{"href":"https:\/\/www.elvendrellturisme.com\/es\/wp-json\/wp\/v2\/posts\/24510","targetHints":{"allow":["GET"]}}],"collection":[{"href":"https:\/\/www.elvendrellturisme.com\/es\/wp-json\/wp\/v2\/posts"}],"about":[{"href":"https:\/\/www.elvendrellturisme.com\/es\/wp-json\/wp\/v2\/types\/post"}],"author":[{"embeddable":true,"href":"https:\/\/www.elvendrellturisme.com\/es\/wp-json\/wp\/v2\/users\/1"}],"replies":[{"embeddable":true,"href":"https:\/\/www.elvendrellturisme.com\/es\/wp-json\/wp\/v2\/comments?post=24510"}],"version-history":[{"count":0,"href":"https:\/\/www.elvendrellturisme.com\/es\/wp-json\/wp\/v2\/posts\/24510\/revisions"}],"wp:featuredmedia":[{"embeddable":true,"href":"https:\/\/www.elvendrellturisme.com\/es\/wp-json\/wp\/v2\/media\/22543"}],"wp:attachment":[{"href":"https:\/\/www.elvendrellturisme.com\/es\/wp-json\/wp\/v2\/media?parent=24510"}],"wp:term":[{"taxonomy":"category","embeddable":true,"href":"https:\/\/www.elvendrellturisme.com\/es\/wp-json\/wp\/v2\/categories?post=24510"},{"taxonomy":"post_tag","embeddable":true,"href":"https:\/\/www.elvendrellturisme.com\/es\/wp-json\/wp\/v2\/tags?post=24510"},{"taxonomy":"dipi_cpt_category","embeddable":true,"href":"https:\/\/www.elvendrellturisme.com\/es\/wp-json\/wp\/v2\/dipi_cpt_category?post=24510"}],"curies":[{"name":"wp","href":"https:\/\/api.w.org\/{rel}","templated":true}]}}