{"id":24512,"date":"2013-04-22T13:05:18","date_gmt":"2013-04-22T13:05:18","guid":{"rendered":"http:\/\/tv.dms3labs.cat\/espacio-para-paradas-con-motivo-de-la-fiesta-de-sant-jordi\/"},"modified":"2013-04-22T13:05:18","modified_gmt":"2013-04-22T13:05:18","slug":"espacio-para-paradas-con-motivo-de-la-fiesta-de-sant-jordi","status":"publish","type":"post","link":"https:\/\/www.elvendrellturisme.com\/es\/espacio-para-paradas-con-motivo-de-la-fiesta-de-sant-jordi\/","title":{"rendered":"Espacio para paradas con motivo de la Fiesta de Sant Jordi"},"content":{"rendered":"<p>Ma\u00f1ana martes 23 de abril, la calle Prat de la Riba, desde la Rambla, y la carrereta del Dr. Robert permanecer\u00e1n cortadas al tr\u00e1nsito con motivo de la Fiesta de Sant Jordi. En este espacio se instalar\u00e1n paradas de artesanos y de art\u00edculos y talleres relacionados con la Fiesta. El corte de circulaci\u00f3n y las v\u00edas alternativas estar\u00e1n debidamente se\u00f1alizados.<\/p>\n<p>Con esta concentraci\u00f3n de paradas, la Regidur\u00eda de Promoci\u00f3n Econ\u00f3mica y Comercio pretende facilitar el paseo por el centro y dinamizar esta fiesta en el municipio.<\/p>\n<p>Por otro lado, como cada a\u00f1o, las librer\u00edas y las florister\u00edas del Vendrell tendr\u00e1n las respectivas paradas en la calle, delante de su establecimiento.<\/p>\n","protected":false},"excerpt":{"rendered":"<p>Ma\u00f1ana martes 23 de abril, la calle Prat de la Riba, desde la Rambla, y la carrereta del Dr. Robert permanecer\u00e1n cortadas al tr\u00e1nsito con motivo de la Fiesta de Sant Jordi. En este espacio se instalar\u00e1n paradas de artesanos y de art\u00edculos y talleres relacionados con la Fiesta. El corte de circulaci\u00f3n y las [&hellip;]<\/p>\n","protected":false},"author":1,"featured_media":26025,"comment_status":"open","ping_status":"closed","sticky":false,"template":"","format":"standard","meta":{"_acf_changed":false,"_et_pb_use_builder":"","_et_pb_old_content":"","_et_gb_content_width":"","content-type":"","footnotes":""},"categories":[],"tags":[],"dipi_cpt_category":[],"class_list":["post-24512","post","type-post","status-publish","format-standard","has-post-thumbnail","hentry"],"acf":[],"_links":{"self":[{"href":"https:\/\/www.elvendrellturisme.com\/es\/wp-json\/wp\/v2\/posts\/24512","targetHints":{"allow":["GET"]}}],"collection":[{"href":"https:\/\/www.elvendrellturisme.com\/es\/wp-json\/wp\/v2\/posts"}],"about":[{"href":"https:\/\/www.elvendrellturisme.com\/es\/wp-json\/wp\/v2\/types\/post"}],"author":[{"embeddable":true,"href":"https:\/\/www.elvendrellturisme.com\/es\/wp-json\/wp\/v2\/users\/1"}],"replies":[{"embeddable":true,"href":"https:\/\/www.elvendrellturisme.com\/es\/wp-json\/wp\/v2\/comments?post=24512"}],"version-history":[{"count":0,"href":"https:\/\/www.elvendrellturisme.com\/es\/wp-json\/wp\/v2\/posts\/24512\/revisions"}],"wp:featuredmedia":[{"embeddable":true,"href":"https:\/\/www.elvendrellturisme.com\/es\/wp-json\/wp\/v2\/media\/26025"}],"wp:attachment":[{"href":"https:\/\/www.elvendrellturisme.com\/es\/wp-json\/wp\/v2\/media?parent=24512"}],"wp:term":[{"taxonomy":"category","embeddable":true,"href":"https:\/\/www.elvendrellturisme.com\/es\/wp-json\/wp\/v2\/categories?post=24512"},{"taxonomy":"post_tag","embeddable":true,"href":"https:\/\/www.elvendrellturisme.com\/es\/wp-json\/wp\/v2\/tags?post=24512"},{"taxonomy":"dipi_cpt_category","embeddable":true,"href":"https:\/\/www.elvendrellturisme.com\/es\/wp-json\/wp\/v2\/dipi_cpt_category?post=24512"}],"curies":[{"name":"wp","href":"https:\/\/api.w.org\/{rel}","templated":true}]}}