{"id":24513,"date":"2013-05-13T11:39:59","date_gmt":"2013-05-13T11:39:59","guid":{"rendered":"http:\/\/tv.dms3labs.cat\/el-vendrell-celebra-la-copa-cers\/"},"modified":"2013-05-13T11:39:59","modified_gmt":"2013-05-13T11:39:59","slug":"el-vendrell-celebra-la-copa-cers","status":"publish","type":"post","link":"https:\/\/www.elvendrellturisme.com\/es\/el-vendrell-celebra-la-copa-cers\/","title":{"rendered":"El Vendrell celebra la Copa Cers"},"content":{"rendered":"<p>Ayer al mediod\u00eda el Moritz CE Vendrell levant\u00f3 la copa de campe\u00f3n de la Copa Cers 2013. La final a cuatro se ha celebrado entre el 10 y el 12 de mayo, en las instalaciones del Club d&#8217;Esporst Vendrell en el a\u00f1o que se conmemora el Centenario de su fundaci\u00f3n.<\/p>\n<p>Con esta copa, el Moritz CE Vendrell he hecho el doblete en esta temporada hist\u00f3rica despu\u00e9s de haberse proclamado tambi\u00e9n campe\u00f3n de la \u00faltima edici\u00f3n de la Copa del Rey. Ahora, el hockey vendrellense ya cuenta con tres t\u00edtulos, puesto que a los dos conseguidos este a\u00f1o 2013 se le tiene que sumar la Copa del Pr\u00edncipe del 2009.<\/p>\n<p>La celebraci\u00f3n por las calles del municipio tendr\u00e1 lugar hoy con el programa siguiente.<\/p>\n<p>-a las 20 h, concentraci\u00f3n del equipo en el Club d&#8217;Esports Vendrell;<\/p>\n<p>-a las 20.30 h, inicio del recorrido de la carroza que llevar\u00e1 al equipo hasta el Ayuntamiento, y que pasar\u00e1 por la c\/ Colom, la ctra. Dr. Robert, la c\/ Prat de la Riba, la c\/ Pescado y la plaza Vella.<\/p>\n<p>-una vez que el equipo llegue a la plaza Vella, en donde habr\u00e1 una carpa de la Moritz, los jugadores subir\u00e1n al balc\u00f3n del Ayuntamiento para ofrecer la copa a la afici\u00f3n y para hacer los tradicionales parlamentos,<\/p>\n<p>-y, finalmente, se har\u00e1 un fin de fiesta en la Sala Els Daus.<\/p>\n","protected":false},"excerpt":{"rendered":"<p>Ayer al mediod\u00eda el Moritz CE Vendrell levant\u00f3 la copa de campe\u00f3n de la Copa Cers 2013. La final a cuatro se ha celebrado entre el 10 y el 12 de mayo, en las instalaciones del Club d&#8217;Esporst Vendrell en el a\u00f1o que se conmemora el Centenario de su fundaci\u00f3n. Con esta copa, el Moritz [&hellip;]<\/p>\n","protected":false},"author":1,"featured_media":22548,"comment_status":"open","ping_status":"closed","sticky":false,"template":"","format":"standard","meta":{"_acf_changed":false,"_et_pb_use_builder":"","_et_pb_old_content":"","_et_gb_content_width":"","content-type":"","footnotes":""},"categories":[],"tags":[],"dipi_cpt_category":[],"class_list":["post-24513","post","type-post","status-publish","format-standard","has-post-thumbnail","hentry"],"acf":[],"_links":{"self":[{"href":"https:\/\/www.elvendrellturisme.com\/es\/wp-json\/wp\/v2\/posts\/24513","targetHints":{"allow":["GET"]}}],"collection":[{"href":"https:\/\/www.elvendrellturisme.com\/es\/wp-json\/wp\/v2\/posts"}],"about":[{"href":"https:\/\/www.elvendrellturisme.com\/es\/wp-json\/wp\/v2\/types\/post"}],"author":[{"embeddable":true,"href":"https:\/\/www.elvendrellturisme.com\/es\/wp-json\/wp\/v2\/users\/1"}],"replies":[{"embeddable":true,"href":"https:\/\/www.elvendrellturisme.com\/es\/wp-json\/wp\/v2\/comments?post=24513"}],"version-history":[{"count":0,"href":"https:\/\/www.elvendrellturisme.com\/es\/wp-json\/wp\/v2\/posts\/24513\/revisions"}],"wp:featuredmedia":[{"embeddable":true,"href":"https:\/\/www.elvendrellturisme.com\/es\/wp-json\/wp\/v2\/media\/22548"}],"wp:attachment":[{"href":"https:\/\/www.elvendrellturisme.com\/es\/wp-json\/wp\/v2\/media?parent=24513"}],"wp:term":[{"taxonomy":"category","embeddable":true,"href":"https:\/\/www.elvendrellturisme.com\/es\/wp-json\/wp\/v2\/categories?post=24513"},{"taxonomy":"post_tag","embeddable":true,"href":"https:\/\/www.elvendrellturisme.com\/es\/wp-json\/wp\/v2\/tags?post=24513"},{"taxonomy":"dipi_cpt_category","embeddable":true,"href":"https:\/\/www.elvendrellturisme.com\/es\/wp-json\/wp\/v2\/dipi_cpt_category?post=24513"}],"curies":[{"name":"wp","href":"https:\/\/api.w.org\/{rel}","templated":true}]}}