{"id":24519,"date":"2013-04-26T09:59:09","date_gmt":"2013-04-26T09:59:09","guid":{"rendered":"http:\/\/tv.dms3labs.cat\/2a-session-de-las-iii-jornadas-intergeneracionales-y-jornada-de-puertas-abiertas-del-museu-deu\/"},"modified":"2013-04-26T09:59:09","modified_gmt":"2013-04-26T09:59:09","slug":"2a-session-de-las-iii-jornadas-intergeneracionales-y-jornada-de-puertas-abiertas-del-museu-deu","status":"publish","type":"post","link":"https:\/\/www.elvendrellturisme.com\/es\/2a-session-de-las-iii-jornadas-intergeneracionales-y-jornada-de-puertas-abiertas-del-museu-deu\/","title":{"rendered":"2a sessi\u00f3n de las III Jornadas Intergeneracionales y Jornada de puertas abiertas del Museu Deu"},"content":{"rendered":"<p>El pr\u00f3ximo viernes 26 de abril tendr\u00e1 lugar en el Museo Deu la segunda sesi\u00f3n de las III Jornadas Intergeneracionals. A las 17.30 h se reunir\u00e1n de nuevo abuelos y nietos para escuchar el cuento del \u00e1ngel del campanario y para conocer la historia del &quot;\u00e1ngel negro&quot; que vino de Vilanova, sus restauraciones, parte de su historia, la funci\u00f3n que tiene&#8230;<\/p>\n<p>Adem\u00e1s, en la sala de exposiciones temporales del Museo podr\u00e1n comprobar la medida de sus alas y tocar su busto. De hecho, uno de los hechos singulares de la muestra que los participantes podr\u00e1n ver en la sala del s\u00f3tano es que las fotograf\u00edas est\u00e1n colocadas a la altura de los m\u00e1s peque\u00f1os.<\/p>\n<p>El material con que cuenta esta exposici\u00f3n ha sido cedido por particulares y por la oficina de &quot;la Caixa&quot; de la carretera del Doctor Robert.<\/p>\n<p>Por otro lado, el domingo 28 el Museo Deu organiza una Jornada de puertas abiertas con motivo de su 18\u00ba aniversario, puesto que el 29 de abril del a\u00f1o 1995 abri\u00f3 las puertas por primera vez. As\u00ed pues, ser\u00e1 un buen fin de semana para visitar las instalacions de este importante equipamiento que trabaja para difundir la cultura entre grandes y peque\u00f1os.<\/p>\n","protected":false},"excerpt":{"rendered":"<p>El pr\u00f3ximo viernes 26 de abril tendr\u00e1 lugar en el Museo Deu la segunda sesi\u00f3n de las III Jornadas Intergeneracionals. A las 17.30 h se reunir\u00e1n de nuevo abuelos y nietos para escuchar el cuento del \u00e1ngel del campanario y para conocer la historia del &quot;\u00e1ngel negro&quot; que vino de Vilanova, sus restauraciones, parte de [&hellip;]<\/p>\n","protected":false},"author":1,"featured_media":22558,"comment_status":"open","ping_status":"closed","sticky":false,"template":"","format":"standard","meta":{"_acf_changed":false,"_et_pb_use_builder":"","_et_pb_old_content":"","_et_gb_content_width":"","content-type":"","footnotes":""},"categories":[],"tags":[],"dipi_cpt_category":[],"class_list":["post-24519","post","type-post","status-publish","format-standard","has-post-thumbnail","hentry"],"acf":[],"_links":{"self":[{"href":"https:\/\/www.elvendrellturisme.com\/es\/wp-json\/wp\/v2\/posts\/24519","targetHints":{"allow":["GET"]}}],"collection":[{"href":"https:\/\/www.elvendrellturisme.com\/es\/wp-json\/wp\/v2\/posts"}],"about":[{"href":"https:\/\/www.elvendrellturisme.com\/es\/wp-json\/wp\/v2\/types\/post"}],"author":[{"embeddable":true,"href":"https:\/\/www.elvendrellturisme.com\/es\/wp-json\/wp\/v2\/users\/1"}],"replies":[{"embeddable":true,"href":"https:\/\/www.elvendrellturisme.com\/es\/wp-json\/wp\/v2\/comments?post=24519"}],"version-history":[{"count":0,"href":"https:\/\/www.elvendrellturisme.com\/es\/wp-json\/wp\/v2\/posts\/24519\/revisions"}],"wp:featuredmedia":[{"embeddable":true,"href":"https:\/\/www.elvendrellturisme.com\/es\/wp-json\/wp\/v2\/media\/22558"}],"wp:attachment":[{"href":"https:\/\/www.elvendrellturisme.com\/es\/wp-json\/wp\/v2\/media?parent=24519"}],"wp:term":[{"taxonomy":"category","embeddable":true,"href":"https:\/\/www.elvendrellturisme.com\/es\/wp-json\/wp\/v2\/categories?post=24519"},{"taxonomy":"post_tag","embeddable":true,"href":"https:\/\/www.elvendrellturisme.com\/es\/wp-json\/wp\/v2\/tags?post=24519"},{"taxonomy":"dipi_cpt_category","embeddable":true,"href":"https:\/\/www.elvendrellturisme.com\/es\/wp-json\/wp\/v2\/dipi_cpt_category?post=24519"}],"curies":[{"name":"wp","href":"https:\/\/api.w.org\/{rel}","templated":true}]}}