{"id":24522,"date":"2013-05-02T14:15:54","date_gmt":"2013-05-02T14:15:54","guid":{"rendered":"http:\/\/tv.dms3labs.cat\/breathing-time-artistas-contemporaneos-del-territorio-exponen-en-el-portal-del-pardo\/"},"modified":"2013-05-02T14:15:54","modified_gmt":"2013-05-02T14:15:54","slug":"breathing-time-artistas-contemporaneos-del-territorio-exponen-en-el-portal-del-pardo","status":"publish","type":"post","link":"https:\/\/www.elvendrellturisme.com\/es\/breathing-time-artistas-contemporaneos-del-territorio-exponen-en-el-portal-del-pardo\/","title":{"rendered":"&quot;Breathing time&quot;: artistas contempor\u00e1neos del territorio exponen en el Portal del Pardo"},"content":{"rendered":"<p>El pr\u00f3ximo viernes 3 de mayo, a las 8 de la tarde, en la Sala del Portal del Pardo se inaugurar\u00e1 la exposici\u00f3n colectiva &quot;Breathing Time. Tiempo para respirar&quot;. Se trata de un proyecto expositivo que muestra el trabajo de 26 artistas visuales contempor\u00e1neos del territorio que exponen en diez espacios que programan arte contempor\u00e1neo en nuestras comarcas. As\u00ed, adem\u00e1s del Vendrell, la exposici\u00f3n tendr\u00e1 presencia en salas de Cambrils, L&#8217;Espluga de Francol\u00ed, Reos, Tarragona y Valls.<\/p>\n<p>Esta iniciativa naci\u00f3 en enero de 2012 en el marco del proyecto &quot;Abierto por reflexi\u00f3n&quot;, una propuesta promovida desde el Centro de Arte de Tarragona, que pretend\u00eda convocar y estimular las relaciones entre los agentes culturales del territorio que gestionan proyectos en torno a las artes visuales contempor\u00e1neas.<br \/>\nLos artistas visuales participantes en la exposici\u00f3n de la Sala del Portal del Pardo son: Gerard Boyer, \u00c0lvar Calvet, Jorge Conde, Gerard Cuartero, Jordi Erola, Ester Ferando, Jordi Llort, Manel Margalef, Jordi Martorell, Ariadna Parreu, L\u00eddia Porcar, Crisrina Serra y Gemma Valls.<\/p>\n<p>La exposici\u00f3n se podr\u00e1 visitar hasta el 2 de junio.<\/p>\n","protected":false},"excerpt":{"rendered":"<p>El pr\u00f3ximo viernes 3 de mayo, a las 8 de la tarde, en la Sala del Portal del Pardo se inaugurar\u00e1 la exposici\u00f3n colectiva &quot;Breathing Time. Tiempo para respirar&quot;. Se trata de un proyecto expositivo que muestra el trabajo de 26 artistas visuales contempor\u00e1neos del territorio que exponen en diez espacios que programan arte contempor\u00e1neo [&hellip;]<\/p>\n","protected":false},"author":1,"featured_media":22563,"comment_status":"open","ping_status":"closed","sticky":false,"template":"","format":"standard","meta":{"_acf_changed":false,"_et_pb_use_builder":"","_et_pb_old_content":"","_et_gb_content_width":"","content-type":"","footnotes":""},"categories":[],"tags":[],"dipi_cpt_category":[],"class_list":["post-24522","post","type-post","status-publish","format-standard","has-post-thumbnail","hentry"],"acf":[],"_links":{"self":[{"href":"https:\/\/www.elvendrellturisme.com\/es\/wp-json\/wp\/v2\/posts\/24522","targetHints":{"allow":["GET"]}}],"collection":[{"href":"https:\/\/www.elvendrellturisme.com\/es\/wp-json\/wp\/v2\/posts"}],"about":[{"href":"https:\/\/www.elvendrellturisme.com\/es\/wp-json\/wp\/v2\/types\/post"}],"author":[{"embeddable":true,"href":"https:\/\/www.elvendrellturisme.com\/es\/wp-json\/wp\/v2\/users\/1"}],"replies":[{"embeddable":true,"href":"https:\/\/www.elvendrellturisme.com\/es\/wp-json\/wp\/v2\/comments?post=24522"}],"version-history":[{"count":0,"href":"https:\/\/www.elvendrellturisme.com\/es\/wp-json\/wp\/v2\/posts\/24522\/revisions"}],"wp:featuredmedia":[{"embeddable":true,"href":"https:\/\/www.elvendrellturisme.com\/es\/wp-json\/wp\/v2\/media\/22563"}],"wp:attachment":[{"href":"https:\/\/www.elvendrellturisme.com\/es\/wp-json\/wp\/v2\/media?parent=24522"}],"wp:term":[{"taxonomy":"category","embeddable":true,"href":"https:\/\/www.elvendrellturisme.com\/es\/wp-json\/wp\/v2\/categories?post=24522"},{"taxonomy":"post_tag","embeddable":true,"href":"https:\/\/www.elvendrellturisme.com\/es\/wp-json\/wp\/v2\/tags?post=24522"},{"taxonomy":"dipi_cpt_category","embeddable":true,"href":"https:\/\/www.elvendrellturisme.com\/es\/wp-json\/wp\/v2\/dipi_cpt_category?post=24522"}],"curies":[{"name":"wp","href":"https:\/\/api.w.org\/{rel}","templated":true}]}}