{"id":24524,"date":"2013-05-03T14:56:50","date_gmt":"2013-05-03T14:56:50","guid":{"rendered":"http:\/\/tv.dms3labs.cat\/fira-dentitats-4-de-mayo-de-2013\/"},"modified":"2013-05-03T14:56:50","modified_gmt":"2013-05-03T14:56:50","slug":"fira-dentitats-4-de-mayo-de-2013","status":"publish","type":"post","link":"https:\/\/www.elvendrellturisme.com\/es\/fira-dentitats-4-de-mayo-de-2013\/","title":{"rendered":"FIRA D&#8217;ENTITATS, 4 de mayo de 2013"},"content":{"rendered":"<p>LISTADO DE ACTIVIDADES<\/p>\n<p>10.00-11.30: Jam Session (Associaci\u00f3 El Refugi)<br \/>\n11.30-12.00 Grallas (l&#8217;Embarcada)<br \/>\n12.00-13.00 Flashmob (El Petit Estel)<br \/>\n13.00-14.00: Desfile de perros (PASOS El Vendrell)<br \/>\n14.00-15.00: Taller de Castillos (Nens del Vendrell)<\/p>\n<p>17.30-18.30: Talleres de bailes populares y actuaci\u00f3n (l&#8217;Embarcada)<br \/>\n18.30-19.00: Batucada (IES Baix Pened\u00e8s)<br \/>\n19.00-19.30: Actuaci\u00f3n (Agrupaci\u00f3 Musical Santa Anna)<br \/>\n19.30-21.00: DJ (Associaci\u00f3 El Refugi)<br \/>\n21.00-21.30: Batucada (Grups de Foc + Sambatek)<br \/>\n21.30-22.00: Encendida de los grupos de fuego<\/p>\n<p>De 10 a 22 h, exposici\u00f3n de las entidades<\/p>\n<p>Lugar: La Rambla del Vendrell<\/p>\n","protected":false},"excerpt":{"rendered":"<p>LISTADO DE ACTIVIDADES 10.00-11.30: Jam Session (Associaci\u00f3 El Refugi) 11.30-12.00 Grallas (l&#8217;Embarcada) 12.00-13.00 Flashmob (El Petit Estel) 13.00-14.00: Desfile de perros (PASOS El Vendrell) 14.00-15.00: Taller de Castillos (Nens del Vendrell) 17.30-18.30: Talleres de bailes populares y actuaci\u00f3n (l&#8217;Embarcada) 18.30-19.00: Batucada (IES Baix Pened\u00e8s) 19.00-19.30: Actuaci\u00f3n (Agrupaci\u00f3 Musical Santa Anna) 19.30-21.00: DJ (Associaci\u00f3 El Refugi) [&hellip;]<\/p>\n","protected":false},"author":1,"featured_media":22567,"comment_status":"open","ping_status":"closed","sticky":false,"template":"","format":"standard","meta":{"_acf_changed":false,"_et_pb_use_builder":"","_et_pb_old_content":"","_et_gb_content_width":"","content-type":"","footnotes":""},"categories":[],"tags":[],"dipi_cpt_category":[],"class_list":["post-24524","post","type-post","status-publish","format-standard","has-post-thumbnail","hentry"],"acf":[],"_links":{"self":[{"href":"https:\/\/www.elvendrellturisme.com\/es\/wp-json\/wp\/v2\/posts\/24524","targetHints":{"allow":["GET"]}}],"collection":[{"href":"https:\/\/www.elvendrellturisme.com\/es\/wp-json\/wp\/v2\/posts"}],"about":[{"href":"https:\/\/www.elvendrellturisme.com\/es\/wp-json\/wp\/v2\/types\/post"}],"author":[{"embeddable":true,"href":"https:\/\/www.elvendrellturisme.com\/es\/wp-json\/wp\/v2\/users\/1"}],"replies":[{"embeddable":true,"href":"https:\/\/www.elvendrellturisme.com\/es\/wp-json\/wp\/v2\/comments?post=24524"}],"version-history":[{"count":0,"href":"https:\/\/www.elvendrellturisme.com\/es\/wp-json\/wp\/v2\/posts\/24524\/revisions"}],"wp:featuredmedia":[{"embeddable":true,"href":"https:\/\/www.elvendrellturisme.com\/es\/wp-json\/wp\/v2\/media\/22567"}],"wp:attachment":[{"href":"https:\/\/www.elvendrellturisme.com\/es\/wp-json\/wp\/v2\/media?parent=24524"}],"wp:term":[{"taxonomy":"category","embeddable":true,"href":"https:\/\/www.elvendrellturisme.com\/es\/wp-json\/wp\/v2\/categories?post=24524"},{"taxonomy":"post_tag","embeddable":true,"href":"https:\/\/www.elvendrellturisme.com\/es\/wp-json\/wp\/v2\/tags?post=24524"},{"taxonomy":"dipi_cpt_category","embeddable":true,"href":"https:\/\/www.elvendrellturisme.com\/es\/wp-json\/wp\/v2\/dipi_cpt_category?post=24524"}],"curies":[{"name":"wp","href":"https:\/\/api.w.org\/{rel}","templated":true}]}}