{"id":24527,"date":"2013-05-09T13:00:22","date_gmt":"2013-05-09T13:00:22","guid":{"rendered":"http:\/\/tv.dms3labs.cat\/todo-a-punto-para-la-final-a-cuatro-de-la-copa-cers-de-hockey-en-vendrell\/"},"modified":"2013-05-09T13:00:22","modified_gmt":"2013-05-09T13:00:22","slug":"todo-a-punto-para-la-final-a-cuatro-de-la-copa-cers-de-hockey-en-vendrell","status":"publish","type":"post","link":"https:\/\/www.elvendrellturisme.com\/es\/todo-a-punto-para-la-final-a-cuatro-de-la-copa-cers-de-hockey-en-vendrell\/","title":{"rendered":"Todo a punto para la final a cuatro de la Copa CERS de hockey en Vendrell"},"content":{"rendered":"<p>El Vendrell ya tiene todo a punto para la celebraci\u00f3n, este pr\u00f3ximo fin de semana, de la final a cuatro de la Copa de la CERS de hockey patines, competici\u00f3n internacional a la cual aspira el equipo local. Las dos semifinales y la final se disputar\u00e1n en el pabell\u00f3n del CE Vendrell. La primera semifinal la disputar\u00e1n el viernes, a las 9 de la noche, dos equipos catalanes del OK Liga: el CP Vilanova y el CP Vic. Y la segunda semifinal enfrentar\u00e1, el s\u00e1bado a las 6 de la tarde, al CE Vendrell y al Hockey Bassano de Italia, vigente campe\u00f3n. Los ganadores de los dos encuentros disputar\u00e1n la final el domingo, a las 12 del mediod\u00eda.<\/p>\n<p>Esta &#8216;final four&#8217; europea de hockey patines coincide con el centenario de la fundaci\u00f3n del Club d&#8217;Esports Vendrell. Recordamos que su secci\u00f3n de hockey patines est\u00e1 viviendo una temporada hist\u00f3rica con un primer equipo consolidado en la m\u00e1xima categor\u00eda estatal, la OK Liga (es tercero, con un colch\u00f3n de 5 puntos de ventaja sobre el cuarto, el Reus Deportiu), y que recientemente ha conseguido ganar su primera Copa del Rey. Todo esto hace que en la capital del Baix Pened\u00e8s se respire hockey por todas partes y, para reflejar este esp\u00edritu, en el cartel se ha representado al \u00e1ngel Tobies, uno de los principales s\u00edmbolos del municipio, practicando este deporte.<\/p>\n<p>Actividades paralelas<\/p>\n<p>Al margen de la competici\u00f3n deportiva en si, justo es decir que se han programado actividades paralelas a esta fase final de la Copa de la CERS. As\u00ed, el jueves, a las 8 de la noche, en el Auditorio de la Escuela Municipal de M\u00fasica Pau Casals tendr\u00e1 lugar la presentaci\u00f3n de un DVD especial de los campeones de la Copa del Rey de hockey sobre patines 2013.<\/p>\n<p>Y tanto s\u00e1bado como domingo, en el paseo del exterior del pabell\u00f3n del CE Vendrell se ubicar\u00e1 un &#8216;village&#8217; con carpas de marcas deportivas relacionadas con el hockey, del CE Vendrell y de promoci\u00f3n tur\u00edstica y de productos de la zona.<\/p>\n<p>En cuanto al precio de las entradas, se han fijado en 15 euros por jornada, con entradas j\u00faniors (de 14 a 18 a\u00f1os) a 5 euros cada semifinal y 10 euros la final. Para la compra anticipada de entradas, y tambi\u00e9n para la recogida de las reservas, se podr\u00e1 ir a la oficina del Club d&#8217;Esports Vendrell, este mi\u00e9rcoles y jueves, de 5:30 de la tarde a 9 de la noche. Durante la celebraci\u00f3n de la final a cuatro se abrir\u00e1n las taquillas dos horas antes de iniciarse los partidos.<\/p>\n","protected":false},"excerpt":{"rendered":"<p>El Vendrell ya tiene todo a punto para la celebraci\u00f3n, este pr\u00f3ximo fin de semana, de la final a cuatro de la Copa de la CERS de hockey patines, competici\u00f3n internacional a la cual aspira el equipo local. Las dos semifinales y la final se disputar\u00e1n en el pabell\u00f3n del CE Vendrell. La primera semifinal [&hellip;]<\/p>\n","protected":false},"author":1,"featured_media":22573,"comment_status":"open","ping_status":"closed","sticky":false,"template":"","format":"standard","meta":{"_acf_changed":false,"_et_pb_use_builder":"","_et_pb_old_content":"","_et_gb_content_width":"","content-type":"","footnotes":""},"categories":[],"tags":[],"dipi_cpt_category":[],"class_list":["post-24527","post","type-post","status-publish","format-standard","has-post-thumbnail","hentry"],"acf":[],"_links":{"self":[{"href":"https:\/\/www.elvendrellturisme.com\/es\/wp-json\/wp\/v2\/posts\/24527","targetHints":{"allow":["GET"]}}],"collection":[{"href":"https:\/\/www.elvendrellturisme.com\/es\/wp-json\/wp\/v2\/posts"}],"about":[{"href":"https:\/\/www.elvendrellturisme.com\/es\/wp-json\/wp\/v2\/types\/post"}],"author":[{"embeddable":true,"href":"https:\/\/www.elvendrellturisme.com\/es\/wp-json\/wp\/v2\/users\/1"}],"replies":[{"embeddable":true,"href":"https:\/\/www.elvendrellturisme.com\/es\/wp-json\/wp\/v2\/comments?post=24527"}],"version-history":[{"count":0,"href":"https:\/\/www.elvendrellturisme.com\/es\/wp-json\/wp\/v2\/posts\/24527\/revisions"}],"wp:featuredmedia":[{"embeddable":true,"href":"https:\/\/www.elvendrellturisme.com\/es\/wp-json\/wp\/v2\/media\/22573"}],"wp:attachment":[{"href":"https:\/\/www.elvendrellturisme.com\/es\/wp-json\/wp\/v2\/media?parent=24527"}],"wp:term":[{"taxonomy":"category","embeddable":true,"href":"https:\/\/www.elvendrellturisme.com\/es\/wp-json\/wp\/v2\/categories?post=24527"},{"taxonomy":"post_tag","embeddable":true,"href":"https:\/\/www.elvendrellturisme.com\/es\/wp-json\/wp\/v2\/tags?post=24527"},{"taxonomy":"dipi_cpt_category","embeddable":true,"href":"https:\/\/www.elvendrellturisme.com\/es\/wp-json\/wp\/v2\/dipi_cpt_category?post=24527"}],"curies":[{"name":"wp","href":"https:\/\/api.w.org\/{rel}","templated":true}]}}