{"id":24529,"date":"2013-05-09T13:55:56","date_gmt":"2013-05-09T13:55:56","guid":{"rendered":"http:\/\/tv.dms3labs.cat\/24529\/"},"modified":"2013-05-09T13:55:56","modified_gmt":"2013-05-09T13:55:56","slug":"24529","status":"publish","type":"post","link":"https:\/\/www.elvendrellturisme.com\/es\/24529\/","title":{"rendered":""},"content":{"rendered":"<p>El pr\u00f3ximo 16 de mayo el escenario del T\u00c0G acoger\u00e1 el concierto, en sesi\u00f3n de ma\u00f1ana y tarde, de la cantata Cant\u00e0nia a cargo de 400 alumnos de varias escuelas de sexto de primaria del Vendrell y de tres centros de la comarca que, este a\u00f1o, como novedad, tambi\u00e9n se han a\u00f1adido al proyecto, que en Vendrell organiza la Escuela Municipal de M\u00fasica Pau Casals. En concreto, las escuelas participantes son la escuela Ull de Vent de la Bisbal del Pened\u00e8s, la escuela Joan Perucho de Albinyana, la escuelaLes Cometes de Lloren\u00e7 del Pened\u00e8s, y las escuelas vendrellencas Sagrat Cor, Pla de Mar, \u00c0ngels Garriga, Pau Casals y \u00c0ngel Guimer\u00e0.<\/p>\n<p>Cant\u00e0nia es una actividad musical creada por el Auditorio de Barcelona que se pone en escena no tan s\u00f3lo en la Ciudad Condal, sino en varias poblaciones del pa\u00eds. Seg\u00fan el regidor de Cultura, Albert Sol\u00e9, el objetivo del Cant\u00e0nia &quot;es que los alumnos sean part\u00edcipes de un espect\u00e1culo de gran formato y calidad para que se convierta en una vivencia musical importante e inolvidable para todos&quot;. Asimismo, ha afirmado que el proyecto &quot;es un elemento m\u00e1s en nuestra tarea para fomentar la cultura y una oportunidad \u00fanica para que los m\u00e1s peque\u00f1os se animen a hacer m\u00fasica y conozcan la tarea que se hace desde la Escuela de M\u00fasica&quot;.<\/p>\n<p>La directora de la Escuela Municipal de M\u00fasica Pau Casals, Montse Meneses, ha manifestado que \u00e9sta ser\u00e1 la cuarta edici\u00f3n del Cant\u00e0nia en Vendrell, y que esto es una muestra que es un proyecto &quot;plenamente consolidado y que es muy especial entre alumnos y profesores&quot;. Meneses ha explicado que empieza con sesiones de formaci\u00f3n para los docentes, contin\u00faa con el trabajo en el aula y acaba con el concierto final.<\/p>\n<p>Este a\u00f1o, Cant\u00e0nia trae por t\u00edtulo &quot;Ha pasado un \u00e1ngel&quot;, con texto del dramaturgo Guillem Clua y m\u00fasica de Mariona Vila. La direcci\u00f3n musical del montaje vendrellense est\u00e1 a cargo de Josep Prats y Elisenda Carrasco. As\u00ed pues, el d\u00eda 16 de mayo, el T\u00c0G acoger\u00e1 un concierto a partir de las 11:30 h del mediod\u00eda con 200 ni\u00f1os y ni\u00f1as participantes y otro a partir de las 5 h, con los 200 ni\u00f1os y ni\u00f1as restantes.<\/p>\n<p>Ha pasado un \u00e1ngel habla del silencio como un elemento \u00fanico y necesario para el equilibrio en la naturaleza, y mezcla, por primera vez, m\u00fasica y danza para explicar la historia de J\u00falia y \u00c0ngel, que hacen un viaje juntos buscando el silencio. Los dos personajes pasar\u00e1n por varios paisajes en busca del lugar m\u00e1s silencioso, y descubrir\u00e1n los valores de la amistad y de saber escuchar.<\/p>\n<p>Precisamente, el trabajo de los valores, la camarader\u00eda y la solidaridad son una parte muy significativa de lo que representa para las escuelas poder participar en esta cantata. As\u00ed lo ha destacado tambi\u00e9n la jefa de estudios del CEIP \u00c0ngel Guimer\u00e0, Am\u00e8lia Serres, durante la presentaci\u00f3n de los conciertos. Serres tambi\u00e9n ha animado a las familias de los ni\u00f1os y ni\u00f1as participantes y el p\u00fablico en general a asistir a los conciertos, puesto que son sesiones muy emotivas y que generan ilusi\u00f3n.<\/p>\n<p>El precio de la entrada es de seis euros y se pueden comprar en la Escuela Municipal de M\u00fasica Pau Casals del Vendrell, en la plaza del T\u00edvoli, o en la taquilla del teatro una hora antes de la representaci\u00f3n.<\/p>\n","protected":false},"excerpt":{"rendered":"<p>El pr\u00f3ximo 16 de mayo el escenario del T\u00c0G acoger\u00e1 el concierto, en sesi\u00f3n de ma\u00f1ana y tarde, de la cantata Cant\u00e0nia a cargo de 400 alumnos de varias escuelas de sexto de primaria del Vendrell y de tres centros de la comarca que, este a\u00f1o, como novedad, tambi\u00e9n se han a\u00f1adido al proyecto, que [&hellip;]<\/p>\n","protected":false},"author":1,"featured_media":22577,"comment_status":"open","ping_status":"closed","sticky":false,"template":"","format":"standard","meta":{"_acf_changed":false,"_et_pb_use_builder":"","_et_pb_old_content":"","_et_gb_content_width":"","content-type":"","footnotes":""},"categories":[],"tags":[],"dipi_cpt_category":[],"class_list":["post-24529","post","type-post","status-publish","format-standard","has-post-thumbnail","hentry"],"acf":[],"_links":{"self":[{"href":"https:\/\/www.elvendrellturisme.com\/es\/wp-json\/wp\/v2\/posts\/24529","targetHints":{"allow":["GET"]}}],"collection":[{"href":"https:\/\/www.elvendrellturisme.com\/es\/wp-json\/wp\/v2\/posts"}],"about":[{"href":"https:\/\/www.elvendrellturisme.com\/es\/wp-json\/wp\/v2\/types\/post"}],"author":[{"embeddable":true,"href":"https:\/\/www.elvendrellturisme.com\/es\/wp-json\/wp\/v2\/users\/1"}],"replies":[{"embeddable":true,"href":"https:\/\/www.elvendrellturisme.com\/es\/wp-json\/wp\/v2\/comments?post=24529"}],"version-history":[{"count":0,"href":"https:\/\/www.elvendrellturisme.com\/es\/wp-json\/wp\/v2\/posts\/24529\/revisions"}],"wp:featuredmedia":[{"embeddable":true,"href":"https:\/\/www.elvendrellturisme.com\/es\/wp-json\/wp\/v2\/media\/22577"}],"wp:attachment":[{"href":"https:\/\/www.elvendrellturisme.com\/es\/wp-json\/wp\/v2\/media?parent=24529"}],"wp:term":[{"taxonomy":"category","embeddable":true,"href":"https:\/\/www.elvendrellturisme.com\/es\/wp-json\/wp\/v2\/categories?post=24529"},{"taxonomy":"post_tag","embeddable":true,"href":"https:\/\/www.elvendrellturisme.com\/es\/wp-json\/wp\/v2\/tags?post=24529"},{"taxonomy":"dipi_cpt_category","embeddable":true,"href":"https:\/\/www.elvendrellturisme.com\/es\/wp-json\/wp\/v2\/dipi_cpt_category?post=24529"}],"curies":[{"name":"wp","href":"https:\/\/api.w.org\/{rel}","templated":true}]}}