{"id":24530,"date":"2013-05-10T11:07:58","date_gmt":"2013-05-10T11:07:58","guid":{"rendered":"http:\/\/tv.dms3labs.cat\/el-vendrell-impulsa-un-nuevo-producto-de-promocion-turistica-comercial-y-cultural-que-acercara-las-playas-a-la-vila\/"},"modified":"2013-05-10T11:07:58","modified_gmt":"2013-05-10T11:07:58","slug":"el-vendrell-impulsa-un-nuevo-producto-de-promocion-turistica-comercial-y-cultural-que-acercara-las-playas-a-la-vila","status":"publish","type":"post","link":"https:\/\/www.elvendrellturisme.com\/es\/el-vendrell-impulsa-un-nuevo-producto-de-promocion-turistica-comercial-y-cultural-que-acercara-las-playas-a-la-vila\/","title":{"rendered":"El Vendrell impulsa un nuevo producto de promoci\u00f3n tur\u00edstica, comercial y cultural que acercar\u00e1 las playas a la vila"},"content":{"rendered":"<p>La presentaci\u00f3n en sociedad del nuevo producto tur\u00edstico se llevar\u00e1 a cabo el s\u00e1bado 18 de mayo, coincidiendo con el D\u00eda Internacional de los Museos. Ser\u00e1 en el transcurso de un acto, especialmente dirigido a los comerciantes del Vendrell y las playas, empresarios del sector de la restauraci\u00f3n y la hosteler\u00eda en general y responsables de alojamientos de la zona, y que dar\u00e1 comienzo a las 21.30h, delante del Portal del Pardo.<\/p>\n<p>El objetivo de la iniciativa que se dar\u00e1 a conocer con detalle el d\u00eda 18 es acercar a los visitantes (turistas y segundos residentes e incluso a los propios vendrellenses) al n\u00facleo hist\u00f3rico para que conozcan la oferta cultural y comercial del municipio, adem\u00e1s de las playas. Tambi\u00e9n se pretende que los empresarios sean c\u00f3mplices de este objetivo y puedan ofrecer a sus clientes un valor a\u00f1adido a las compras.<\/p>\n<p>Seg\u00fan el regidor de Cultura, Albert Sol\u00e9, El Vendrell es un municipio con un potencial importante desde el punto de vista comercial, tur\u00edstico y cultural, y en este sentido, esta iniciativa &quot;pretende fusionar estos tres factores y hacerlos atractivos para que nuestro destino sea m\u00e1s competitivo&quot;.<\/p>\n<p>La regidora de Turismo y Comercio, \u00c0ngels Turdiu, considera que el nuevo producto &quot;puede ser un est\u00edmulo muy importante para nuestro empresariado local en la actual situaci\u00f3n econ\u00f3mica&quot; y ha animado a los empresarios a asistir al acto del d\u00eda 18 &quot;puesto que su colaboraci\u00f3n es imprescindible para enriquecer la oferta tur\u00edstica del Vendrell&quot;.<\/p>\n<p>Por su parte, Josep Sivill, gerente de Autocares Pened\u00e8s, ha puesto de relieve que &quot;sumar esfuerzos y sumar sinergias entre todos los agentes del territorio, p\u00fablicos y privados, es una buena manera de superar los momentos de crisis y conseguir el bien com\u00fan por el Vendrell&quot;.<\/p>\n<p>El acto de presentaci\u00f3n del d\u00eda 18 de mayo consistir\u00e1 en una primera parte, que incluir\u00e1 una visita breve a los tres museos situados en el centro hist\u00f3rico del Vendrell (Fundaci\u00f3n Fenosa, Casa Nativa de Pau Casals y Museo Deu), y que empezar\u00e1 a las 21.30 h. Al finalizar, se presentar\u00e1 al sector comercial y tur\u00edstico del municipio &quot;la imagen del proyecto&quot;. En la segunda parte, los participantes se desplazar\u00e1n en autob\u00fas hasta la Vil\u00b7la-Museo Pau Casals de Sant Salvador. All\u00ed se har\u00e1 una visita breve por la casa de veraneo del Maestro, y los jardines de la Vil\u00b7la acoger\u00e1n los parlamentos para inaugurar el proyecto, y darle el disparo de salida.<\/p>\n<p>La asistencia es gratuita y s\u00f3lo hay que inscribirse en la oficina del Pla de Barris y el CIT. Se recomienda a los asistentes venir cenados.<\/p>\n<p>Las entidades y empresas organizadoras del acontecimiento son el Ayuntamiento del Vendrell, a trav\u00e9s del Patronato Municipal de Turismo, el Patronato Municipal de Servicios Culturales, la Casa Nativa de Pau Casals, el Museo Deu, el Auditorio Pau Casals, la Fundaci\u00f3n Apel\u2022les Fenosa, la Vil\u2022la-Museo Pau Casals; el Pla de Barris; el Centro de Iniciativas y Turismo, y Autocares del Pened\u00e8s.<\/p>\n","protected":false},"excerpt":{"rendered":"<p>La presentaci\u00f3n en sociedad del nuevo producto tur\u00edstico se llevar\u00e1 a cabo el s\u00e1bado 18 de mayo, coincidiendo con el D\u00eda Internacional de los Museos. Ser\u00e1 en el transcurso de un acto, especialmente dirigido a los comerciantes del Vendrell y las playas, empresarios del sector de la restauraci\u00f3n y la hosteler\u00eda en general y responsables [&hellip;]<\/p>\n","protected":false},"author":1,"featured_media":22579,"comment_status":"open","ping_status":"closed","sticky":false,"template":"","format":"standard","meta":{"_acf_changed":false,"_et_pb_use_builder":"","_et_pb_old_content":"","_et_gb_content_width":"","content-type":"","footnotes":""},"categories":[],"tags":[],"dipi_cpt_category":[],"class_list":["post-24530","post","type-post","status-publish","format-standard","has-post-thumbnail","hentry"],"acf":[],"_links":{"self":[{"href":"https:\/\/www.elvendrellturisme.com\/es\/wp-json\/wp\/v2\/posts\/24530","targetHints":{"allow":["GET"]}}],"collection":[{"href":"https:\/\/www.elvendrellturisme.com\/es\/wp-json\/wp\/v2\/posts"}],"about":[{"href":"https:\/\/www.elvendrellturisme.com\/es\/wp-json\/wp\/v2\/types\/post"}],"author":[{"embeddable":true,"href":"https:\/\/www.elvendrellturisme.com\/es\/wp-json\/wp\/v2\/users\/1"}],"replies":[{"embeddable":true,"href":"https:\/\/www.elvendrellturisme.com\/es\/wp-json\/wp\/v2\/comments?post=24530"}],"version-history":[{"count":0,"href":"https:\/\/www.elvendrellturisme.com\/es\/wp-json\/wp\/v2\/posts\/24530\/revisions"}],"wp:featuredmedia":[{"embeddable":true,"href":"https:\/\/www.elvendrellturisme.com\/es\/wp-json\/wp\/v2\/media\/22579"}],"wp:attachment":[{"href":"https:\/\/www.elvendrellturisme.com\/es\/wp-json\/wp\/v2\/media?parent=24530"}],"wp:term":[{"taxonomy":"category","embeddable":true,"href":"https:\/\/www.elvendrellturisme.com\/es\/wp-json\/wp\/v2\/categories?post=24530"},{"taxonomy":"post_tag","embeddable":true,"href":"https:\/\/www.elvendrellturisme.com\/es\/wp-json\/wp\/v2\/tags?post=24530"},{"taxonomy":"dipi_cpt_category","embeddable":true,"href":"https:\/\/www.elvendrellturisme.com\/es\/wp-json\/wp\/v2\/dipi_cpt_category?post=24530"}],"curies":[{"name":"wp","href":"https:\/\/api.w.org\/{rel}","templated":true}]}}