{"id":24531,"date":"2013-05-10T13:31:15","date_gmt":"2013-05-10T13:31:15","guid":{"rendered":"http:\/\/tv.dms3labs.cat\/la-fiesta-de-la-bicicleta-2013-pedaleara-a-favor-de-lassociacio-de-malalts-de-lalzheimer-del-vendrell-y-comarca\/"},"modified":"2013-05-10T13:31:15","modified_gmt":"2013-05-10T13:31:15","slug":"la-fiesta-de-la-bicicleta-2013-pedaleara-a-favor-de-lassociacio-de-malalts-de-lalzheimer-del-vendrell-y-comarca","status":"publish","type":"post","link":"https:\/\/www.elvendrellturisme.com\/es\/la-fiesta-de-la-bicicleta-2013-pedaleara-a-favor-de-lassociacio-de-malalts-de-lalzheimer-del-vendrell-y-comarca\/","title":{"rendered":"La Fiesta de la Bicicleta 2013 pedaleara a favor de l&#8217;Associaci\u00f3 de Malalts de l&#8217;Alzheimer del Vendrell y comarca"},"content":{"rendered":"<p>El fin de semana del 25 y  26 de mayo tendr\u00e1 lugar la 71a Fiesta de la Bicicleta del Vendrell.<\/p>\n<p>Este a\u00f1o, bajo el lema &quot;Pedaleamos juntos por una misma causa&quot;, se intentar\u00e1 recaudar el m\u00e1ximo de fondos a favor de la Asociaci\u00f3n de enfermos de Alzheimer del Vendrell y comarca. Todas las personas que deseen colaborar en esta iniciativa solidaria lo podr\u00e1n hacer con el donativo de un euro y entrar\u00e1n en el sorteo de una bicicleta de monta\u00f1a Colouer.<\/p>\n<p>A ra\u00edz de la buena acogida del a\u00f1o pasado, en esta edici\u00f3n se celebrar\u00e1 nuevamente la segunda muestra Todo sobre Ruedas, que se podr\u00e1 visitar el s\u00e1bado de 10 h a 13 h y de 17 h a 20 h. Varios estands llenar\u00e1n la Rambla con actividades relacionadas con el mundo del ciclismo y el deporte, as\u00ed como alguna actividad infantil. Entre estas destaca la celebraci\u00f3n el s\u00e1bado, a partir de las 9 h y hasta las 14 h, del Campeonato de Catalu\u00f1a de bike trial. Otra de las novedades ser\u00e1 la instalaci\u00f3n de un circuito de vipers (veh\u00edculos sin motor) de 17 h a 19 h.<\/p>\n<p>El mismo s\u00e1bado, a partir de las 21 h, tendr\u00e1 lugar la sexta Pedaleada nocturna, que saldr\u00e1 desde la misma Rambla.<\/p>\n<p>El domingo 27, a las once de la ma\u00f1ana, tendr\u00e1 lugar la actividad estrella con la salida de las bicicletas y carrozas. El recorrido se iniciar\u00e1 en la avenida del Camp d&#8217;Esports y finalizar\u00e1 en la Rambla. A partir de la una del mediod\u00eda, en la Rambla, se entregar\u00e1n los premios, que tienen una dotaci\u00f3n econ\u00f3mica que va de los 150 a los 350 euros, entre otros galardones.<\/p>\n<p>Pod\u00e9is consultar los horarios de las actividades y las bases para participar en la Fiesta de la Bicicleta en la p\u00e1gina web de la Comisi\u00f3n de Fiestas del Ayuntamiento de Vendrell a www.enfestat.com .<\/p>\n","protected":false},"excerpt":{"rendered":"<p>El fin de semana del 25 y 26 de mayo tendr\u00e1 lugar la 71a Fiesta de la Bicicleta del Vendrell. Este a\u00f1o, bajo el lema &quot;Pedaleamos juntos por una misma causa&quot;, se intentar\u00e1 recaudar el m\u00e1ximo de fondos a favor de la Asociaci\u00f3n de enfermos de Alzheimer del Vendrell y comarca. Todas las personas que [&hellip;]<\/p>\n","protected":false},"author":1,"featured_media":22581,"comment_status":"open","ping_status":"closed","sticky":false,"template":"","format":"standard","meta":{"_acf_changed":false,"_et_pb_use_builder":"","_et_pb_old_content":"","_et_gb_content_width":"","content-type":"","footnotes":""},"categories":[],"tags":[],"dipi_cpt_category":[],"class_list":["post-24531","post","type-post","status-publish","format-standard","has-post-thumbnail","hentry"],"acf":[],"_links":{"self":[{"href":"https:\/\/www.elvendrellturisme.com\/es\/wp-json\/wp\/v2\/posts\/24531","targetHints":{"allow":["GET"]}}],"collection":[{"href":"https:\/\/www.elvendrellturisme.com\/es\/wp-json\/wp\/v2\/posts"}],"about":[{"href":"https:\/\/www.elvendrellturisme.com\/es\/wp-json\/wp\/v2\/types\/post"}],"author":[{"embeddable":true,"href":"https:\/\/www.elvendrellturisme.com\/es\/wp-json\/wp\/v2\/users\/1"}],"replies":[{"embeddable":true,"href":"https:\/\/www.elvendrellturisme.com\/es\/wp-json\/wp\/v2\/comments?post=24531"}],"version-history":[{"count":0,"href":"https:\/\/www.elvendrellturisme.com\/es\/wp-json\/wp\/v2\/posts\/24531\/revisions"}],"wp:featuredmedia":[{"embeddable":true,"href":"https:\/\/www.elvendrellturisme.com\/es\/wp-json\/wp\/v2\/media\/22581"}],"wp:attachment":[{"href":"https:\/\/www.elvendrellturisme.com\/es\/wp-json\/wp\/v2\/media?parent=24531"}],"wp:term":[{"taxonomy":"category","embeddable":true,"href":"https:\/\/www.elvendrellturisme.com\/es\/wp-json\/wp\/v2\/categories?post=24531"},{"taxonomy":"post_tag","embeddable":true,"href":"https:\/\/www.elvendrellturisme.com\/es\/wp-json\/wp\/v2\/tags?post=24531"},{"taxonomy":"dipi_cpt_category","embeddable":true,"href":"https:\/\/www.elvendrellturisme.com\/es\/wp-json\/wp\/v2\/dipi_cpt_category?post=24531"}],"curies":[{"name":"wp","href":"https:\/\/api.w.org\/{rel}","templated":true}]}}