{"id":24533,"date":"2013-05-15T11:57:32","date_gmt":"2013-05-15T11:57:32","guid":{"rendered":"http:\/\/tv.dms3labs.cat\/24533\/"},"modified":"2013-05-15T11:57:32","modified_gmt":"2013-05-15T11:57:32","slug":"24533","status":"publish","type":"post","link":"https:\/\/www.elvendrellturisme.com\/es\/24533\/","title":{"rendered":""},"content":{"rendered":"<p>El pasado fin de semana, el Vendrell celebr\u00f3 el 17\u00ba Concurso de Rosas en el Centro c\u00edvico l\u2019Estaci\u00f3n, que acogi\u00f3 la exposici\u00f3n formada por 2.000 rosas tra\u00eddas por los 120 concursantes procedentes del Vendrell, Albinyana, Calafell, l&#8217;Arbo\u00e7, Santa Oliva, Avinyonet del Pened\u00e8s, Castellv\u00ed de la Marca, Cubelles, Martorell, Reus, Roda de Ber\u00e0 y Torredembarra. <\/p>\n<p>Los ganadores del Concurso de Rosas del 2013 han sido los siguientes: <\/p>\n<p>Concurso de la mejor rosa<br \/>\n1r premio: CARLES RICO (Torredembarra)<br \/>\n2n premio: CARME MIR\u00d3 (Reus)<br \/>\n3r premio: CARME SAZ (Cubelles) <\/p>\n<p>Concurso para amateurs<br \/>\n1r premio: FRANCESC MIR\u00d3 (Reus)<br \/>\n2n premio: AMADEU CA\u00d1ELLAS (El Vendrell)<br \/>\n3r premio: CARME MIR\u00d3 (Reus) <\/p>\n<p>Concurso de rosas en miniatura<br \/>\n1r premio: MARTA VIGO Y GEMMA VIGO (El Vendrell)<br \/>\n2n premio: MARTA VIGO Y GEMMA VIGO (El Vendrell)<br \/>\n3r premio: DIORI RECOBENIS (El Vendrell) <\/p>\n<p>Concurso de la mejor rosa variedad &quot;Pau Casals&quot;<br \/>\n1r premio: IMMACULADA RECASENS (Avinyonet del Pened\u00e8s)<br \/>\n2n premio: MONTSE SALV\u00d3 (El Vendrell)<br \/>\n3r premio: ROSA G\u00dcELL (El Vendrell) <\/p>\n<p>Concurso de rosales cultivados en test o contenedor<br \/>\n1r premio: ANNA TOM\u00c0S (El Vendrell)<br \/>\n2n premio: M. ANT\u00d2NIA TOM\u00c0S (El Vendrell)<br \/>\n3r premio: ALBA GALIANO (El Vendrell) <\/p>\n<p>Concurso de rosales variedad &quot;Pau Casals&quot; cultivados en test o contenedor<br \/>\n1r premio: ROSA ROSSELL\u00d3 (El Vendrell)<br \/>\n2n premio: ESTHER ECAY (El Vendrell) <\/p>\n<p>Concurso de la rosa m\u00e1s perfumada<br \/>\n1r premio: CARME RICO (Reus)<br \/>\n2n premio: EMI MORAGA (Roda de Ber\u00e0)<br \/>\n3r premio: FRANCESC MIR\u00d3 (Reus) <\/p>\n<p>Concurso de la mejor rosa variedad &quot;Ciutat de Reus&quot;<br \/>\n1r premio: CARME MIR\u00d3 (Reus) <\/p>\n<p>Premio especial cedido por las Ciudades Roseristas de Catalu\u00f1a<br \/>\n1r premio: IMMACULADA RECASENS (Avinyonet del Pened\u00e8s) <\/p>\n<p>Premio especial cedido por el Asociaci\u00f3n Espa\u00f1ola de la Rosa<br \/>\n1r premio: CARME MIR\u00d3 (Reus) <\/p>\n<p>Por otro lado, hay que destacar la representaci\u00f3n del Vendrell en el Jurado del Concurso de Rosas de Alpicat, que se celebr\u00f3 el pasado 4 de mayo dentro de los actos de la 18a Feria Ecojard\u00ed, con el se\u00f1or Ramon Labrador, Padre Josep M. Barenys y el regidor Jaume Escarr\u00e9.<\/p>\n","protected":false},"excerpt":{"rendered":"<p>El pasado fin de semana, el Vendrell celebr\u00f3 el 17\u00ba Concurso de Rosas en el Centro c\u00edvico l\u2019Estaci\u00f3n, que acogi\u00f3 la exposici\u00f3n formada por 2.000 rosas tra\u00eddas por los 120 concursantes procedentes del Vendrell, Albinyana, Calafell, l&#8217;Arbo\u00e7, Santa Oliva, Avinyonet del Pened\u00e8s, Castellv\u00ed de la Marca, Cubelles, Martorell, Reus, Roda de Ber\u00e0 y Torredembarra. Los [&hellip;]<\/p>\n","protected":false},"author":1,"featured_media":22585,"comment_status":"open","ping_status":"closed","sticky":false,"template":"","format":"standard","meta":{"_acf_changed":false,"_et_pb_use_builder":"","_et_pb_old_content":"","_et_gb_content_width":"","content-type":"","footnotes":""},"categories":[],"tags":[],"dipi_cpt_category":[],"class_list":["post-24533","post","type-post","status-publish","format-standard","has-post-thumbnail","hentry"],"acf":[],"_links":{"self":[{"href":"https:\/\/www.elvendrellturisme.com\/es\/wp-json\/wp\/v2\/posts\/24533","targetHints":{"allow":["GET"]}}],"collection":[{"href":"https:\/\/www.elvendrellturisme.com\/es\/wp-json\/wp\/v2\/posts"}],"about":[{"href":"https:\/\/www.elvendrellturisme.com\/es\/wp-json\/wp\/v2\/types\/post"}],"author":[{"embeddable":true,"href":"https:\/\/www.elvendrellturisme.com\/es\/wp-json\/wp\/v2\/users\/1"}],"replies":[{"embeddable":true,"href":"https:\/\/www.elvendrellturisme.com\/es\/wp-json\/wp\/v2\/comments?post=24533"}],"version-history":[{"count":0,"href":"https:\/\/www.elvendrellturisme.com\/es\/wp-json\/wp\/v2\/posts\/24533\/revisions"}],"wp:featuredmedia":[{"embeddable":true,"href":"https:\/\/www.elvendrellturisme.com\/es\/wp-json\/wp\/v2\/media\/22585"}],"wp:attachment":[{"href":"https:\/\/www.elvendrellturisme.com\/es\/wp-json\/wp\/v2\/media?parent=24533"}],"wp:term":[{"taxonomy":"category","embeddable":true,"href":"https:\/\/www.elvendrellturisme.com\/es\/wp-json\/wp\/v2\/categories?post=24533"},{"taxonomy":"post_tag","embeddable":true,"href":"https:\/\/www.elvendrellturisme.com\/es\/wp-json\/wp\/v2\/tags?post=24533"},{"taxonomy":"dipi_cpt_category","embeddable":true,"href":"https:\/\/www.elvendrellturisme.com\/es\/wp-json\/wp\/v2\/dipi_cpt_category?post=24533"}],"curies":[{"name":"wp","href":"https:\/\/api.w.org\/{rel}","templated":true}]}}