{"id":24537,"date":"2013-05-22T12:41:35","date_gmt":"2013-05-22T12:41:35","guid":{"rendered":"http:\/\/tv.dms3labs.cat\/se-presenta-el-bus-turistico-y-los-itinerarios-para-dar-a-conocer-el-municipio-a-los-visitantes\/"},"modified":"2013-05-22T12:41:35","modified_gmt":"2013-05-22T12:41:35","slug":"se-presenta-el-bus-turistico-y-los-itinerarios-para-dar-a-conocer-el-municipio-a-los-visitantes","status":"publish","type":"post","link":"https:\/\/www.elvendrellturisme.com\/es\/se-presenta-el-bus-turistico-y-los-itinerarios-para-dar-a-conocer-el-municipio-a-los-visitantes\/","title":{"rendered":"Se presenta el bus tur\u00edstico y los itinerarios para dar a conocer el municipio a los visitantes"},"content":{"rendered":"<p>El pasado s\u00e1bado 18 de mayo se present\u00f3 al sector empresarial y a los vendrellenses en general la nueva actividad tur\u00edstica que empezar\u00e1 a funcionar esta temporada 2013. Esta iniciativa tuvo la asistencia de unas ochenta personas, representantes del comercio, el turismo y de asociaciones culturales del Vendrell.<\/p>\n<p>Las regidur\u00edas de Turismo y Cultura del Ayuntamiento del Vendrell, junto con la Fundaci\u00f3n Fenosa, la Vil\u00b7la Casals, el Centro de Iniciativas y Turismo (CIT) y empresarios locales han elaborado unos productos tur\u00edsticos, culturales y comerciales dirigidos a todos los turistas, visitantes o personas que tienen segundas residencias; es decir, al p\u00fablico en general. Estos itinerarios, que son un punto de partida de otros que se puedan confeccionar posteriormente, tienen el objetivo de acercar el n\u00facleo hist\u00f3rico a las playas, y vieceversa.<\/p>\n<p>Los itinerarios que se ofrecen pueden cubrir cualquiera de las motivaciones de los turistas o visitantes, puesto que recogen propuestas del \u00e1mbito del enoturismo o gastronom\u00eda, as\u00ed como conocer en profundidad el mundo de Pau Casals con el \u00f3rgano y, tambi\u00e9n, el resto de los museos y el gran abanico de oferta cultural del municipio, sin dejar de lado los castells, con una velada con los Nens del Vendrell.<\/p>\n<p>Los empresarios que tomaron parte en esta presentaci\u00f3n tuvieron la oportunidad de inaugurar el bus tur\u00edstico que har\u00e1 el servicio de estas visitas, el cual recoger\u00e1 a los usuarios en cada alojamiento de las playas de Coma-ruga, Sant Salvador y el Franc\u00e0s. Este servicio ir\u00e1 acompa\u00f1ado en todo momento de un gu\u00eda que les ir\u00e1 explicando e informando de todos los recursos del municipio.<\/p>\n<p>La regidora de Turismo y Playas, \u00c0ngels Turdiu, pone de relieve que la presentaci\u00f3n de este nuevo producto tur\u00edstico es un ejemplo de la importancia del hecho que &quot;el sector p\u00fablico y el privado tenemos que ir juntos para salir adelante y para promocionar nuestro municipio para reactivar la econom\u00eda local&quot;.<\/p>\n<p>La organizaci\u00f3n prev\u00e9 que estas visitas est\u00e9n disponibles para las fechas de San Juan.<\/p>\n","protected":false},"excerpt":{"rendered":"<p>El pasado s\u00e1bado 18 de mayo se present\u00f3 al sector empresarial y a los vendrellenses en general la nueva actividad tur\u00edstica que empezar\u00e1 a funcionar esta temporada 2013. Esta iniciativa tuvo la asistencia de unas ochenta personas, representantes del comercio, el turismo y de asociaciones culturales del Vendrell. Las regidur\u00edas de Turismo y Cultura del [&hellip;]<\/p>\n","protected":false},"author":1,"featured_media":22593,"comment_status":"open","ping_status":"closed","sticky":false,"template":"","format":"standard","meta":{"_acf_changed":false,"_et_pb_use_builder":"","_et_pb_old_content":"","_et_gb_content_width":"","content-type":"","footnotes":""},"categories":[],"tags":[],"dipi_cpt_category":[],"class_list":["post-24537","post","type-post","status-publish","format-standard","has-post-thumbnail","hentry"],"acf":[],"_links":{"self":[{"href":"https:\/\/www.elvendrellturisme.com\/es\/wp-json\/wp\/v2\/posts\/24537","targetHints":{"allow":["GET"]}}],"collection":[{"href":"https:\/\/www.elvendrellturisme.com\/es\/wp-json\/wp\/v2\/posts"}],"about":[{"href":"https:\/\/www.elvendrellturisme.com\/es\/wp-json\/wp\/v2\/types\/post"}],"author":[{"embeddable":true,"href":"https:\/\/www.elvendrellturisme.com\/es\/wp-json\/wp\/v2\/users\/1"}],"replies":[{"embeddable":true,"href":"https:\/\/www.elvendrellturisme.com\/es\/wp-json\/wp\/v2\/comments?post=24537"}],"version-history":[{"count":0,"href":"https:\/\/www.elvendrellturisme.com\/es\/wp-json\/wp\/v2\/posts\/24537\/revisions"}],"wp:featuredmedia":[{"embeddable":true,"href":"https:\/\/www.elvendrellturisme.com\/es\/wp-json\/wp\/v2\/media\/22593"}],"wp:attachment":[{"href":"https:\/\/www.elvendrellturisme.com\/es\/wp-json\/wp\/v2\/media?parent=24537"}],"wp:term":[{"taxonomy":"category","embeddable":true,"href":"https:\/\/www.elvendrellturisme.com\/es\/wp-json\/wp\/v2\/categories?post=24537"},{"taxonomy":"post_tag","embeddable":true,"href":"https:\/\/www.elvendrellturisme.com\/es\/wp-json\/wp\/v2\/tags?post=24537"},{"taxonomy":"dipi_cpt_category","embeddable":true,"href":"https:\/\/www.elvendrellturisme.com\/es\/wp-json\/wp\/v2\/dipi_cpt_category?post=24537"}],"curies":[{"name":"wp","href":"https:\/\/api.w.org\/{rel}","templated":true}]}}