{"id":24538,"date":"2013-05-22T12:53:01","date_gmt":"2013-05-22T12:53:01","guid":{"rendered":"http:\/\/tv.dms3labs.cat\/coma-ruga-dara-la-salida-a-la-marcha-cicloturista\/"},"modified":"2013-05-22T12:53:01","modified_gmt":"2013-05-22T12:53:01","slug":"coma-ruga-dara-la-salida-a-la-marcha-cicloturista","status":"publish","type":"post","link":"https:\/\/www.elvendrellturisme.com\/es\/coma-ruga-dara-la-salida-a-la-marcha-cicloturista\/","title":{"rendered":"Coma-ruga dar\u00e1 la salida a la marcha cicloturista"},"content":{"rendered":"<p>Organizada por la Pe\u00f1a Ciclista del Baix Pened\u00e8s, el pr\u00f3ximo domingo 26 de mayo saldr\u00e1 desde la plaza dels Germans Trillas de Coma-ruga la primera marcha cicloturista &quot;El Vendrell Costa Dorada&quot;.<\/p>\n<p>Esta prueba, que tiene una previsi\u00f3n de participaci\u00f3n de 100 corredores, constar\u00e1 de dos circuitos, uno largo de 157 km y uno corto de 102 km. Al tratarse de una marcha de cariz no competitivo tiene como principal objetivo dar a conocer a los amantes de la bicicleta las carreteras de nuestro entorno, as\u00ed como sus paisajes tanto de mar c\u00f3mo de monta\u00f1a.<\/p>\n<p>Una vez m\u00e1s, el regidor de Deportes, Sergi Teruel, ha puesto de manifiesto como el deporte est\u00e1 ayudando a potenciar la econom\u00eda de nuestro municipio, dado que con iniciativas como esta las entidades deportivas muestran a practicantes y forofos de diferentes disciplinas deportivas los atractivos, tanto paisaj\u00edsticos como gastron\u00f3micos, de nuestra comarca.<\/p>\n<p>Los acompa\u00f1antes, mientras esperan el retorno de sus familiares o amigos, podr\u00e1n disfrutar de una ma\u00f1ana festiva en el Vendrell viendo las carrozas que recorrer\u00e1n las calles del Vendrell con motivo de la 71a edici\u00f3n de la Fiesta de la Bicicleta.<\/p>\n","protected":false},"excerpt":{"rendered":"<p>Organizada por la Pe\u00f1a Ciclista del Baix Pened\u00e8s, el pr\u00f3ximo domingo 26 de mayo saldr\u00e1 desde la plaza dels Germans Trillas de Coma-ruga la primera marcha cicloturista &quot;El Vendrell Costa Dorada&quot;. Esta prueba, que tiene una previsi\u00f3n de participaci\u00f3n de 100 corredores, constar\u00e1 de dos circuitos, uno largo de 157 km y uno corto de [&hellip;]<\/p>\n","protected":false},"author":1,"featured_media":22595,"comment_status":"open","ping_status":"closed","sticky":false,"template":"","format":"standard","meta":{"_acf_changed":false,"_et_pb_use_builder":"","_et_pb_old_content":"","_et_gb_content_width":"","content-type":"","footnotes":""},"categories":[],"tags":[],"dipi_cpt_category":[],"class_list":["post-24538","post","type-post","status-publish","format-standard","has-post-thumbnail","hentry"],"acf":[],"_links":{"self":[{"href":"https:\/\/www.elvendrellturisme.com\/es\/wp-json\/wp\/v2\/posts\/24538","targetHints":{"allow":["GET"]}}],"collection":[{"href":"https:\/\/www.elvendrellturisme.com\/es\/wp-json\/wp\/v2\/posts"}],"about":[{"href":"https:\/\/www.elvendrellturisme.com\/es\/wp-json\/wp\/v2\/types\/post"}],"author":[{"embeddable":true,"href":"https:\/\/www.elvendrellturisme.com\/es\/wp-json\/wp\/v2\/users\/1"}],"replies":[{"embeddable":true,"href":"https:\/\/www.elvendrellturisme.com\/es\/wp-json\/wp\/v2\/comments?post=24538"}],"version-history":[{"count":0,"href":"https:\/\/www.elvendrellturisme.com\/es\/wp-json\/wp\/v2\/posts\/24538\/revisions"}],"wp:featuredmedia":[{"embeddable":true,"href":"https:\/\/www.elvendrellturisme.com\/es\/wp-json\/wp\/v2\/media\/22595"}],"wp:attachment":[{"href":"https:\/\/www.elvendrellturisme.com\/es\/wp-json\/wp\/v2\/media?parent=24538"}],"wp:term":[{"taxonomy":"category","embeddable":true,"href":"https:\/\/www.elvendrellturisme.com\/es\/wp-json\/wp\/v2\/categories?post=24538"},{"taxonomy":"post_tag","embeddable":true,"href":"https:\/\/www.elvendrellturisme.com\/es\/wp-json\/wp\/v2\/tags?post=24538"},{"taxonomy":"dipi_cpt_category","embeddable":true,"href":"https:\/\/www.elvendrellturisme.com\/es\/wp-json\/wp\/v2\/dipi_cpt_category?post=24538"}],"curies":[{"name":"wp","href":"https:\/\/api.w.org\/{rel}","templated":true}]}}