{"id":24540,"date":"2013-05-22T13:19:22","date_gmt":"2013-05-22T13:19:22","guid":{"rendered":"http:\/\/tv.dms3labs.cat\/24540\/"},"modified":"2013-05-22T13:19:22","modified_gmt":"2013-05-22T13:19:22","slug":"24540","status":"publish","type":"post","link":"https:\/\/www.elvendrellturisme.com\/es\/24540\/","title":{"rendered":""},"content":{"rendered":"<p>La Regidur\u00eda de Educaci\u00f3n del Vendrell sigue impulsando la Escuela Municipal de Arte Apel\u00b7les Fenosa con la incorporaci\u00f3n de un taller de dise\u00f1o y creaci\u00f3n de joyas.<\/p>\n<p>Es un taller destinado a trabajar el dise\u00f1o de joyas, dise\u00f1ar una, darle forma, modelarla con cera especializada y convertirla en una joya de plata esmaltada a 180\u00ba. El taller ir\u00e1 a cargo de Esther Heras (https:\/\/www.artfoc.com).<\/p>\n<p>Las inscripciones para hacer el taller ya est\u00e1n abiertas y se pueden formalizar en la sede de la Oficina Municipal de Escolarizaci\u00f3n (OME), en la Rambla, 24 (antigua biblioteca), de lunes a viernes de 10 h a 14 h.<\/p>\n","protected":false},"excerpt":{"rendered":"<p>La Regidur\u00eda de Educaci\u00f3n del Vendrell sigue impulsando la Escuela Municipal de Arte Apel\u00b7les Fenosa con la incorporaci\u00f3n de un taller de dise\u00f1o y creaci\u00f3n de joyas. Es un taller destinado a trabajar el dise\u00f1o de joyas, dise\u00f1ar una, darle forma, modelarla con cera especializada y convertirla en una joya de plata esmaltada a 180\u00ba. [&hellip;]<\/p>\n","protected":false},"author":1,"featured_media":22599,"comment_status":"open","ping_status":"closed","sticky":false,"template":"","format":"standard","meta":{"_acf_changed":false,"_et_pb_use_builder":"","_et_pb_old_content":"","_et_gb_content_width":"","content-type":"","footnotes":""},"categories":[],"tags":[],"dipi_cpt_category":[],"class_list":["post-24540","post","type-post","status-publish","format-standard","has-post-thumbnail","hentry"],"acf":[],"_links":{"self":[{"href":"https:\/\/www.elvendrellturisme.com\/es\/wp-json\/wp\/v2\/posts\/24540","targetHints":{"allow":["GET"]}}],"collection":[{"href":"https:\/\/www.elvendrellturisme.com\/es\/wp-json\/wp\/v2\/posts"}],"about":[{"href":"https:\/\/www.elvendrellturisme.com\/es\/wp-json\/wp\/v2\/types\/post"}],"author":[{"embeddable":true,"href":"https:\/\/www.elvendrellturisme.com\/es\/wp-json\/wp\/v2\/users\/1"}],"replies":[{"embeddable":true,"href":"https:\/\/www.elvendrellturisme.com\/es\/wp-json\/wp\/v2\/comments?post=24540"}],"version-history":[{"count":0,"href":"https:\/\/www.elvendrellturisme.com\/es\/wp-json\/wp\/v2\/posts\/24540\/revisions"}],"wp:featuredmedia":[{"embeddable":true,"href":"https:\/\/www.elvendrellturisme.com\/es\/wp-json\/wp\/v2\/media\/22599"}],"wp:attachment":[{"href":"https:\/\/www.elvendrellturisme.com\/es\/wp-json\/wp\/v2\/media?parent=24540"}],"wp:term":[{"taxonomy":"category","embeddable":true,"href":"https:\/\/www.elvendrellturisme.com\/es\/wp-json\/wp\/v2\/categories?post=24540"},{"taxonomy":"post_tag","embeddable":true,"href":"https:\/\/www.elvendrellturisme.com\/es\/wp-json\/wp\/v2\/tags?post=24540"},{"taxonomy":"dipi_cpt_category","embeddable":true,"href":"https:\/\/www.elvendrellturisme.com\/es\/wp-json\/wp\/v2\/dipi_cpt_category?post=24540"}],"curies":[{"name":"wp","href":"https:\/\/api.w.org\/{rel}","templated":true}]}}