{"id":24541,"date":"2013-05-22T13:45:39","date_gmt":"2013-05-22T13:45:39","guid":{"rendered":"http:\/\/tv.dms3labs.cat\/la-union-de-las-artes-triunfo-el-pasado-sabado-en-el-museo-deu-del-vendrell\/"},"modified":"2013-05-22T13:45:39","modified_gmt":"2013-05-22T13:45:39","slug":"la-union-de-las-artes-triunfo-el-pasado-sabado-en-el-museo-deu-del-vendrell","status":"publish","type":"post","link":"https:\/\/www.elvendrellturisme.com\/es\/la-union-de-las-artes-triunfo-el-pasado-sabado-en-el-museo-deu-del-vendrell\/","title":{"rendered":"La uni\u00f3n de las artes triunf\u00f3 el pasado s\u00e1bado en el Museo Deu del Vendrell"},"content":{"rendered":"<p>Un total de 696 personas optaron por pasar el d\u00eda y la noche del 18 de mayo en el Museo Deu y escoger entre el gran abanico de actividades que propon\u00eda este important\u00edsimo establecimiento cultural vendrellense.<\/p>\n<p>A lo largo de todo el d\u00eda el p\u00fablico de todas las edades pudo conocer m\u00e1s a fondo la colecci\u00f3n de pintura con el uso de c\u00f3digos QR. La tarde empez\u00f3 con un concierto de la &quot;Jazz Orquestra&quot; del instituto de Altafulla, que debido a la lluvia, tuvo que traslardarse a la Sala Pau Casals del T\u00c0G y, finalmente, a las 21:30 horas se dio paso a uno de los espect\u00e1culos m\u00e1s novedosos que se han hecho nunca a nuestro municipio: la visita nocturna a una de las colecciones de arte m\u00e1s importantes del pa\u00eds.<\/p>\n<p>La historia del museo y la explicaci\u00f3n de alguna de las obras fue transmitida a los asistentes mediante el lenguaje corporal de 20 bailarines de la escuela de danza La Factor\u00eda, acompa\u00f1ados por una emotiva selecci\u00f3n m\u00fasical, que junto con las apasionadas palabras de Ernest Benito, exdirector del museo, hicieron de la velada un recuerdo entra\u00f1able. Arte en movimiento, escultura hablada y bailada ser\u00edan los protagonistas de la noche.<\/p>\n<p>Arte tangible, como la escultura Dona ajaguda de Rebull o la Espida de Jassans tomaron vida y pudieron explicarse por s\u00ed mismas, sin intermediarios, de la mano de un arte ef\u00edmero como la danza.<\/p>\n<p>El D\u00eda Internacional tra\u00eda por lema: &quot;El museo que imaginas&quot;, y la magia de este d\u00eda fue que m\u00e1s de 190 personas, en s\u00f3lo dos sesiones, pudieron, no s\u00f3lo imaginar, sino tambi\u00e9n vivir un museo din\u00e1mico, activo y actual, que tiene la voluntad de renovarse d\u00eda en d\u00eda y, sobre todo, que es consciente de la heterogeneidad de nuestra sociedad trabajando con esfuerzo para formar parte.<\/p>\n","protected":false},"excerpt":{"rendered":"<p>Un total de 696 personas optaron por pasar el d\u00eda y la noche del 18 de mayo en el Museo Deu y escoger entre el gran abanico de actividades que propon\u00eda este important\u00edsimo establecimiento cultural vendrellense. A lo largo de todo el d\u00eda el p\u00fablico de todas las edades pudo conocer m\u00e1s a fondo la [&hellip;]<\/p>\n","protected":false},"author":1,"featured_media":22601,"comment_status":"open","ping_status":"closed","sticky":false,"template":"","format":"standard","meta":{"_acf_changed":false,"_et_pb_use_builder":"","_et_pb_old_content":"","_et_gb_content_width":"","content-type":"","footnotes":""},"categories":[],"tags":[],"dipi_cpt_category":[],"class_list":["post-24541","post","type-post","status-publish","format-standard","has-post-thumbnail","hentry"],"acf":[],"_links":{"self":[{"href":"https:\/\/www.elvendrellturisme.com\/es\/wp-json\/wp\/v2\/posts\/24541","targetHints":{"allow":["GET"]}}],"collection":[{"href":"https:\/\/www.elvendrellturisme.com\/es\/wp-json\/wp\/v2\/posts"}],"about":[{"href":"https:\/\/www.elvendrellturisme.com\/es\/wp-json\/wp\/v2\/types\/post"}],"author":[{"embeddable":true,"href":"https:\/\/www.elvendrellturisme.com\/es\/wp-json\/wp\/v2\/users\/1"}],"replies":[{"embeddable":true,"href":"https:\/\/www.elvendrellturisme.com\/es\/wp-json\/wp\/v2\/comments?post=24541"}],"version-history":[{"count":0,"href":"https:\/\/www.elvendrellturisme.com\/es\/wp-json\/wp\/v2\/posts\/24541\/revisions"}],"wp:featuredmedia":[{"embeddable":true,"href":"https:\/\/www.elvendrellturisme.com\/es\/wp-json\/wp\/v2\/media\/22601"}],"wp:attachment":[{"href":"https:\/\/www.elvendrellturisme.com\/es\/wp-json\/wp\/v2\/media?parent=24541"}],"wp:term":[{"taxonomy":"category","embeddable":true,"href":"https:\/\/www.elvendrellturisme.com\/es\/wp-json\/wp\/v2\/categories?post=24541"},{"taxonomy":"post_tag","embeddable":true,"href":"https:\/\/www.elvendrellturisme.com\/es\/wp-json\/wp\/v2\/tags?post=24541"},{"taxonomy":"dipi_cpt_category","embeddable":true,"href":"https:\/\/www.elvendrellturisme.com\/es\/wp-json\/wp\/v2\/dipi_cpt_category?post=24541"}],"curies":[{"name":"wp","href":"https:\/\/api.w.org\/{rel}","templated":true}]}}