{"id":24542,"date":"2013-05-23T11:58:08","date_gmt":"2013-05-23T11:58:08","guid":{"rendered":"http:\/\/tv.dms3labs.cat\/el-vendrell-recibe-un-encuentro-de-bloguers-especializados-en-viajes\/"},"modified":"2013-05-23T11:58:08","modified_gmt":"2013-05-23T11:58:08","slug":"el-vendrell-recibe-un-encuentro-de-bloguers-especializados-en-viajes","status":"publish","type":"post","link":"https:\/\/www.elvendrellturisme.com\/es\/el-vendrell-recibe-un-encuentro-de-bloguers-especializados-en-viajes\/","title":{"rendered":"El Vendrell recibe un encuentro de bloguers especializados en viajes"},"content":{"rendered":"<p>El pasado domingo 19 de mayo, el Vendrell recibi\u00f3 la visita de un grupo de bloguers especializados en viajes que participaban del &quot;Blogger Travel Meeting&quot;, organizado por el Patronato de Turismo de la Diputaci\u00f3n de Tarragona dentro del convenio Corner.<\/p>\n<p>Concretamente, los bloguers que se desplazaron al Vendrell participaron en un taller de elaboraci\u00f3n de xat\u00f3 en las Bodegas Avgvstvs.<\/p>\n<p>El objetivo de esta visita era poder ofrecer una actividad original que motivara a los bloguers, algunos de ellos internacionales, a escribir sobre la actividad y darle m\u00e1xima difusi\u00f3n en la red. De este modo, tambi\u00e9n se da a conocer el municipio a personas de todo el mundo que siguen estos blogs especializados en viajes y turismo.<\/p>\n<p>La valoraci\u00f3n de los participantes en la actividad en el Vendrell fue muy positiva, lo cual se reflejar\u00e1 pr\u00f3ximamente ente sus blogs respectivos.<\/p>\n","protected":false},"excerpt":{"rendered":"<p>El pasado domingo 19 de mayo, el Vendrell recibi\u00f3 la visita de un grupo de bloguers especializados en viajes que participaban del &quot;Blogger Travel Meeting&quot;, organizado por el Patronato de Turismo de la Diputaci\u00f3n de Tarragona dentro del convenio Corner. Concretamente, los bloguers que se desplazaron al Vendrell participaron en un taller de elaboraci\u00f3n de [&hellip;]<\/p>\n","protected":false},"author":1,"featured_media":22603,"comment_status":"open","ping_status":"closed","sticky":false,"template":"","format":"standard","meta":{"_acf_changed":false,"_et_pb_use_builder":"","_et_pb_old_content":"","_et_gb_content_width":"","content-type":"","footnotes":""},"categories":[],"tags":[],"dipi_cpt_category":[],"class_list":["post-24542","post","type-post","status-publish","format-standard","has-post-thumbnail","hentry"],"acf":[],"_links":{"self":[{"href":"https:\/\/www.elvendrellturisme.com\/es\/wp-json\/wp\/v2\/posts\/24542","targetHints":{"allow":["GET"]}}],"collection":[{"href":"https:\/\/www.elvendrellturisme.com\/es\/wp-json\/wp\/v2\/posts"}],"about":[{"href":"https:\/\/www.elvendrellturisme.com\/es\/wp-json\/wp\/v2\/types\/post"}],"author":[{"embeddable":true,"href":"https:\/\/www.elvendrellturisme.com\/es\/wp-json\/wp\/v2\/users\/1"}],"replies":[{"embeddable":true,"href":"https:\/\/www.elvendrellturisme.com\/es\/wp-json\/wp\/v2\/comments?post=24542"}],"version-history":[{"count":0,"href":"https:\/\/www.elvendrellturisme.com\/es\/wp-json\/wp\/v2\/posts\/24542\/revisions"}],"wp:featuredmedia":[{"embeddable":true,"href":"https:\/\/www.elvendrellturisme.com\/es\/wp-json\/wp\/v2\/media\/22603"}],"wp:attachment":[{"href":"https:\/\/www.elvendrellturisme.com\/es\/wp-json\/wp\/v2\/media?parent=24542"}],"wp:term":[{"taxonomy":"category","embeddable":true,"href":"https:\/\/www.elvendrellturisme.com\/es\/wp-json\/wp\/v2\/categories?post=24542"},{"taxonomy":"post_tag","embeddable":true,"href":"https:\/\/www.elvendrellturisme.com\/es\/wp-json\/wp\/v2\/tags?post=24542"},{"taxonomy":"dipi_cpt_category","embeddable":true,"href":"https:\/\/www.elvendrellturisme.com\/es\/wp-json\/wp\/v2\/dipi_cpt_category?post=24542"}],"curies":[{"name":"wp","href":"https:\/\/api.w.org\/{rel}","templated":true}]}}