{"id":24543,"date":"2013-05-23T12:42:40","date_gmt":"2013-05-23T12:42:40","guid":{"rendered":"http:\/\/tv.dms3labs.cat\/marti-carnicer-elegido-nuevo-alcalde-del-vendrell\/"},"modified":"2013-05-23T12:42:40","modified_gmt":"2013-05-23T12:42:40","slug":"marti-carnicer-elegido-nuevo-alcalde-del-vendrell","status":"publish","type":"post","link":"https:\/\/www.elvendrellturisme.com\/es\/marti-carnicer-elegido-nuevo-alcalde-del-vendrell\/","title":{"rendered":"Mart\u00ed Carnicer, elegido nuevo alcalde del Vendrell"},"content":{"rendered":"<p>Benet Jan\u00e9 (CiU) ha presentado su renuncia en cumplimiento del pacto firmado a principio de legislatura por los grupos del gobierno<\/p>\n<p>Mart\u00ed Carnicer (PSC) es desde esta tarde el nuevo alcalde del Vendrell. Carnicer ha sido escogido alcalde por 16 votos a favor (7 PSC, 6 CiU, 2 PP y 1 JpV) en un pleno extraordinario celebrado en una Sala de Plenos atestada, y que ha contado con la asistencia de varias autoridades como el Delegado del Gobierno, Quim Nin; el Presidente de la Diputaci\u00f3n, Josep Poblet; el alcalde de Tarragona, Josep F\u00e8lix Ballesteros; adem\u00e1s de varios ex alcaldes del municipio, ex regidores, alcaldes de la comarca, y representantes de entidades y numerosos ciudadanos.<\/p>\n<p>El cabeza de lista de Plataforma x Catalu\u00f1a, August Armengol, tambi\u00e9n ha presentado candidatura a la alcald\u00eda, obteniendo los votos de los cinco regidores de su grupo.<\/p>\n<p>Previamente, se ha celebrado otro pleno extraordinario en que Benet Jan\u00e9 (CiU) ha presentado su renuncia en el cargo para dar cumplimiento al pacto de gobierno firmado el 9 de junio del 2011 y que establec\u00eda un reparto de la alcald\u00eda entre las dos fuerzas mayoritarias.<\/p>\n<p>Despu\u00e9s de las votaciones, los diferentes grupos pol\u00edticos han hecho sus valoraciones de los dos a\u00f1os de mandato, as\u00ed como del funcionamiento del pacto de gobierno. Por orden de intervenci\u00f3n, Jaume Pi\u00f1ol, de JpV, ha explicado que a pesar de las diferentes ideolog\u00edas de los cuatro grupos pol\u00edticos que forman gobierno, en este tiempo su formaci\u00f3n ha podido seguir la hoja de ruta fijada. Pi\u00f1ol tambi\u00e9n ha tenido palabras de agradecimiento para el acalde saliente, Benet Jan\u00e9, de quien ha valorado el apoyo y la comprensi\u00f3n recibidas.<\/p>\n<p>En su turno, la portavoz del PP, Elisabet Rodr\u00edguez, tambi\u00e9n ha hecho una valoraci\u00f3n positiva de la gesti\u00f3n de los dos a\u00f1os de gobierno y ha reiterado que la voluntad y esp\u00edritu de colaboraci\u00f3n de los 4 grupos debe continuar en el futuro para mejorar la calidad de vida del Vendrell y sus ciudadanos. Rodr\u00edguez tambi\u00e9n ha hecho un agradecimiento p\u00fablico al talante de consenso impulsado por Benet Jan\u00e9 y se ha puesto a disposici\u00f3n del nuevo alcalde para hacer, entre todos, que el Vendrell sea un municipio de referencia desde el punto de vista de la estabilidad econ\u00f3mica y de convivencia.<\/p>\n<p>El cabeza de lista de PxC, August Armengol, ha felicitado el nuevo alcalde y ha ofrecido la colaboraci\u00f3n de su grupo en los temas que consideren beneficiosos para el municipio y su oposici\u00f3n en aquellos que consideren perjudiciales. Armengol tambi\u00e9n ha hecho un repaso cr\u00edtico a la gesti\u00f3n del gobierno hecha en estos dos a\u00f1os y, en este sentido, ha denunciado que muchos de los objetivos fijados en el pacto de gobierno no se han llevado a cabo. Desde PxC se ha puesto \u00e9nfasis especial en la cr\u00edtica a la gesti\u00f3n econ\u00f3mica del gobierno.<\/p>\n<p>Benet Jan\u00e9, en nombre de CiU, y como alcalde saliente, ha destacado que el pleno de hoy respond\u00eda al cumplimiento del pacto firmado el 9 de junio de 2011 por los cuatro grupos pol\u00edticos ahora en el gobierno y ha resaltado el esp\u00edritu de colaboraci\u00f3n y la lealtad institucional que han demostrado las cuatro fuerzas pol\u00edticas en estos dos primeros a\u00f1os de gobierno. Benet Jan\u00e9 tambi\u00e9n ha agradecido la responsabilidad institucional y la lealtad demostrada por Mart\u00ed Carnicer en esta primera etapa de mandato y se ha comprometido a seguir trabajando por el Vendrell con este mismo talante. Benet Jan\u00e9 ha remarcado que el gobierno tiene que continuar uniendo esfuerzos para llegar a acuerdos que permitan afrontar en mejores condiciones los dos retos decisivos de los pr\u00f3ximos a\u00f1os: mejorar la situaci\u00f3n econ\u00f3mica del Vendrell y la convivencia.<\/p>\n<p>En su intervenci\u00f3n, Kenneth Mart\u00ednez, en nombre del PSC, ha destacado la normalidad democr\u00e1tica que se pone de manifiesto en la celebraci\u00f3n de este pleno y en nombre del grupo municipal socialista ha agradecido a Benet Jan\u00e9 su trato personal y el trabajo hecho en estos dos a\u00f1os de legislatura. Tambi\u00e9n ha puesto sobre la mesa la necesidad que en estos dos a\u00f1os restantes de mandato se pueda avanzar todav\u00eda m\u00e1s en lograr los dos objetivos fijados por los miembros del gobierno: conseguir la reactivaci\u00f3n econ\u00f3mica del municipio y fortalecer la cohesi\u00f3n social. Una cohesi\u00f3n que, seg\u00fan Mart\u00ednez, llegar\u00e1 en la medida que la situaci\u00f3n econ\u00f3mica mejore. El portavoz socialista tambi\u00e9n ha tenido palabras cr\u00edticas por el partido PxC, puesto que considera que su acci\u00f3n pol\u00edtica se basa en inventarse elementos que generan conflicto entre los ciudadanos del Vendrell.<\/p>\n<p>Ha cerrado la sesi\u00f3n del pleno el nuevo alcalde, Mart\u00ed Carnicer, con un parlamento en que tambi\u00e9n ha apostado por la necesidad del Vendrell de tener un gobierno fuerte y cohesionado para afrontar los retos may\u00fasculos de los pr\u00f3ximos a\u00f1os.<\/p>\n","protected":false},"excerpt":{"rendered":"<p>Benet Jan\u00e9 (CiU) ha presentado su renuncia en cumplimiento del pacto firmado a principio de legislatura por los grupos del gobierno Mart\u00ed Carnicer (PSC) es desde esta tarde el nuevo alcalde del Vendrell. Carnicer ha sido escogido alcalde por 16 votos a favor (7 PSC, 6 CiU, 2 PP y 1 JpV) en un pleno [&hellip;]<\/p>\n","protected":false},"author":1,"featured_media":22605,"comment_status":"open","ping_status":"closed","sticky":false,"template":"","format":"standard","meta":{"_acf_changed":false,"_et_pb_use_builder":"","_et_pb_old_content":"","_et_gb_content_width":"","content-type":"","footnotes":""},"categories":[],"tags":[],"dipi_cpt_category":[],"class_list":["post-24543","post","type-post","status-publish","format-standard","has-post-thumbnail","hentry"],"acf":[],"_links":{"self":[{"href":"https:\/\/www.elvendrellturisme.com\/es\/wp-json\/wp\/v2\/posts\/24543","targetHints":{"allow":["GET"]}}],"collection":[{"href":"https:\/\/www.elvendrellturisme.com\/es\/wp-json\/wp\/v2\/posts"}],"about":[{"href":"https:\/\/www.elvendrellturisme.com\/es\/wp-json\/wp\/v2\/types\/post"}],"author":[{"embeddable":true,"href":"https:\/\/www.elvendrellturisme.com\/es\/wp-json\/wp\/v2\/users\/1"}],"replies":[{"embeddable":true,"href":"https:\/\/www.elvendrellturisme.com\/es\/wp-json\/wp\/v2\/comments?post=24543"}],"version-history":[{"count":0,"href":"https:\/\/www.elvendrellturisme.com\/es\/wp-json\/wp\/v2\/posts\/24543\/revisions"}],"wp:featuredmedia":[{"embeddable":true,"href":"https:\/\/www.elvendrellturisme.com\/es\/wp-json\/wp\/v2\/media\/22605"}],"wp:attachment":[{"href":"https:\/\/www.elvendrellturisme.com\/es\/wp-json\/wp\/v2\/media?parent=24543"}],"wp:term":[{"taxonomy":"category","embeddable":true,"href":"https:\/\/www.elvendrellturisme.com\/es\/wp-json\/wp\/v2\/categories?post=24543"},{"taxonomy":"post_tag","embeddable":true,"href":"https:\/\/www.elvendrellturisme.com\/es\/wp-json\/wp\/v2\/tags?post=24543"},{"taxonomy":"dipi_cpt_category","embeddable":true,"href":"https:\/\/www.elvendrellturisme.com\/es\/wp-json\/wp\/v2\/dipi_cpt_category?post=24543"}],"curies":[{"name":"wp","href":"https:\/\/api.w.org\/{rel}","templated":true}]}}