{"id":24549,"date":"2013-05-28T14:40:00","date_gmt":"2013-05-28T14:40:00","guid":{"rendered":"http:\/\/tv.dms3labs.cat\/el-bus-alicia-visita-el-vendrell\/"},"modified":"2013-05-28T14:40:00","modified_gmt":"2013-05-28T14:40:00","slug":"el-bus-alicia-visita-el-vendrell","status":"publish","type":"post","link":"https:\/\/www.elvendrellturisme.com\/es\/el-bus-alicia-visita-el-vendrell\/","title":{"rendered":"El Bus Al\u00edcia visita el Vendrell"},"content":{"rendered":"<p>El Bus Al\u00edcia es una unidad m\u00f3vil creada por la Fundaci\u00f3n Catalu\u00f1a-La Pedrera que hace ruta por el pa\u00eds para promover los buenos h\u00e1bitos alimentarios, y del 18 al 22 de junio se instalar\u00e1 en el Vendrell y se har\u00e1n varios talleres escolares.<\/p>\n<p>El Bus Al\u00edcia cuenta con un equipamiento did\u00e1ctico dirigido a todos los p\u00fablicos. Su objetivo es informar, educar y hacer reflexionar de manera amena y participativa a los ciudadanos de todas las edades y condiciones sobre una alimentaci\u00f3n saludable, adecuada a sus necesidades y de acuerdo con el entorno. Dispone de un espacio expositivo de 50 m\u00b2, accesible tambi\u00e9n para personas con movilidad reducida. Integra un \u00e1mbito expositivo dotado de recursos audiovisuales y multimedia en el cual, de manera rigurosa, l\u00fadica e interactiva, se explica y se interpela a los visitantes sobre la producci\u00f3n, transformaci\u00f3n, h\u00e1bitos de consumo y funci\u00f3n nutricional de los alimentos.<\/p>\n<p>El bus estar\u00e1 abierto al p\u00fablico en general para que visite libremente el \u00e1mbito expositivo, y se ofrecer\u00e1n visitas guiadas a la exposici\u00f3n para una comprensi\u00f3n m\u00e1s profunda de los contenidos. Tanto la visita libre como la guiada en la unidad m\u00f3vil son gratuitas; los talleres tienen un coste para cubrir los gastos generados por estos, y est\u00e1n a cargo de monitores especializados.<\/p>\n<p>Para recibir m\u00e1s informaci\u00f3n se puede contactar directamente con la Secretaria T\u00e9cnica de este proyecto, al tel\u00e9fono 902 109 350.<\/p>\n","protected":false},"excerpt":{"rendered":"<p>El Bus Al\u00edcia es una unidad m\u00f3vil creada por la Fundaci\u00f3n Catalu\u00f1a-La Pedrera que hace ruta por el pa\u00eds para promover los buenos h\u00e1bitos alimentarios, y del 18 al 22 de junio se instalar\u00e1 en el Vendrell y se har\u00e1n varios talleres escolares. El Bus Al\u00edcia cuenta con un equipamiento did\u00e1ctico dirigido a todos los [&hellip;]<\/p>\n","protected":false},"author":1,"featured_media":22617,"comment_status":"open","ping_status":"closed","sticky":false,"template":"","format":"standard","meta":{"_acf_changed":false,"_et_pb_use_builder":"","_et_pb_old_content":"","_et_gb_content_width":"","content-type":"","footnotes":""},"categories":[],"tags":[],"dipi_cpt_category":[],"class_list":["post-24549","post","type-post","status-publish","format-standard","has-post-thumbnail","hentry"],"acf":[],"_links":{"self":[{"href":"https:\/\/www.elvendrellturisme.com\/es\/wp-json\/wp\/v2\/posts\/24549","targetHints":{"allow":["GET"]}}],"collection":[{"href":"https:\/\/www.elvendrellturisme.com\/es\/wp-json\/wp\/v2\/posts"}],"about":[{"href":"https:\/\/www.elvendrellturisme.com\/es\/wp-json\/wp\/v2\/types\/post"}],"author":[{"embeddable":true,"href":"https:\/\/www.elvendrellturisme.com\/es\/wp-json\/wp\/v2\/users\/1"}],"replies":[{"embeddable":true,"href":"https:\/\/www.elvendrellturisme.com\/es\/wp-json\/wp\/v2\/comments?post=24549"}],"version-history":[{"count":0,"href":"https:\/\/www.elvendrellturisme.com\/es\/wp-json\/wp\/v2\/posts\/24549\/revisions"}],"wp:featuredmedia":[{"embeddable":true,"href":"https:\/\/www.elvendrellturisme.com\/es\/wp-json\/wp\/v2\/media\/22617"}],"wp:attachment":[{"href":"https:\/\/www.elvendrellturisme.com\/es\/wp-json\/wp\/v2\/media?parent=24549"}],"wp:term":[{"taxonomy":"category","embeddable":true,"href":"https:\/\/www.elvendrellturisme.com\/es\/wp-json\/wp\/v2\/categories?post=24549"},{"taxonomy":"post_tag","embeddable":true,"href":"https:\/\/www.elvendrellturisme.com\/es\/wp-json\/wp\/v2\/tags?post=24549"},{"taxonomy":"dipi_cpt_category","embeddable":true,"href":"https:\/\/www.elvendrellturisme.com\/es\/wp-json\/wp\/v2\/dipi_cpt_category?post=24549"}],"curies":[{"name":"wp","href":"https:\/\/api.w.org\/{rel}","templated":true}]}}