{"id":24552,"date":"2013-05-29T11:27:11","date_gmt":"2013-05-29T11:27:11","guid":{"rendered":"http:\/\/tv.dms3labs.cat\/nuevo-espacio-de-informacion-sobre-el-transporte-publico-en-la-web-municipal\/"},"modified":"2013-05-29T11:27:11","modified_gmt":"2013-05-29T11:27:11","slug":"nuevo-espacio-de-informacion-sobre-el-transporte-publico-en-la-web-municipal","status":"publish","type":"post","link":"https:\/\/www.elvendrellturisme.com\/es\/nuevo-espacio-de-informacion-sobre-el-transporte-publico-en-la-web-municipal\/","title":{"rendered":"Nuevo espacio de informaci\u00f3n sobre el transporte p\u00fablico en la web municipal"},"content":{"rendered":"<p>La web del Ayuntamiento del Vendrell tiene un nuevo espacio de informaci\u00f3n sobre la movilidad en transporte p\u00fablico, que se puede consultar en la direcci\u00f3n siguiente:<\/p>\n<p>https:\/\/www.elvendrell.net\/el-vendrell-por-temas\/movilidad.html<\/p>\n<p>Elisabet Rodr\u00edguez, regidora de Movilidad y Transportes, ha reiterado la voluntad de continuar trabajando para fomentar el uso del transporte p\u00fablico mediante las nuevas tecnolog\u00edas, recalcando tambi\u00e9n la facilidad por parte del usuario de poder contar con herramientas de informaci\u00f3n actualizada.<\/p>\n<p>En esta l\u00ednea de trabajo, el Servicio de Movilidad y Transportes, en colaboraci\u00f3n directa con el Servicio de Sistemas de Informaci\u00f3n del Ayuntamiento del Vendrell, ha desarrollado y ha completado este nuevo espacio mediante la activaci\u00f3n de diferentes apartados descriptivos sobre cada tem\u00e1tica relacionada con la movilidad y la creaci\u00f3n de un plano interactivo de informaci\u00f3n, disponible a partir de estos apartados.<\/p>\n<p>Este plano posibilita la activaci\u00f3n de las capas de inter\u00e9s para la movilidad del municipio, las cuales se pueden combinar con capas destinadas a informaci\u00f3n complementaria (equipamientos municipales o lugares de inter\u00e9s del municipio). Entre otras cuestiones, el plano aporta informaci\u00f3n gr\u00e1fica sobre los itinerarios de peatones y bicicletas, la zona de peatones del Vendrell, el emplazamiento de las zonas de aparcamiento de veh\u00edculos y bicicletas, las paradas de transporte p\u00fablico urbano y de ferrocarril, las paradas de taxi, el estacionamiento en zona azul del municipio o la localizaci\u00f3n de las puertas de acceso a la zona de peatones de Vendrell.<\/p>\n","protected":false},"excerpt":{"rendered":"<p>La web del Ayuntamiento del Vendrell tiene un nuevo espacio de informaci\u00f3n sobre la movilidad en transporte p\u00fablico, que se puede consultar en la direcci\u00f3n siguiente: https:\/\/www.elvendrell.net\/el-vendrell-por-temas\/movilidad.html Elisabet Rodr\u00edguez, regidora de Movilidad y Transportes, ha reiterado la voluntad de continuar trabajando para fomentar el uso del transporte p\u00fablico mediante las nuevas tecnolog\u00edas, recalcando tambi\u00e9n la [&hellip;]<\/p>\n","protected":false},"author":1,"featured_media":26025,"comment_status":"open","ping_status":"closed","sticky":false,"template":"","format":"standard","meta":{"_acf_changed":false,"_et_pb_use_builder":"","_et_pb_old_content":"","_et_gb_content_width":"","content-type":"","footnotes":""},"categories":[],"tags":[],"dipi_cpt_category":[],"class_list":["post-24552","post","type-post","status-publish","format-standard","has-post-thumbnail","hentry"],"acf":[],"_links":{"self":[{"href":"https:\/\/www.elvendrellturisme.com\/es\/wp-json\/wp\/v2\/posts\/24552","targetHints":{"allow":["GET"]}}],"collection":[{"href":"https:\/\/www.elvendrellturisme.com\/es\/wp-json\/wp\/v2\/posts"}],"about":[{"href":"https:\/\/www.elvendrellturisme.com\/es\/wp-json\/wp\/v2\/types\/post"}],"author":[{"embeddable":true,"href":"https:\/\/www.elvendrellturisme.com\/es\/wp-json\/wp\/v2\/users\/1"}],"replies":[{"embeddable":true,"href":"https:\/\/www.elvendrellturisme.com\/es\/wp-json\/wp\/v2\/comments?post=24552"}],"version-history":[{"count":0,"href":"https:\/\/www.elvendrellturisme.com\/es\/wp-json\/wp\/v2\/posts\/24552\/revisions"}],"wp:featuredmedia":[{"embeddable":true,"href":"https:\/\/www.elvendrellturisme.com\/es\/wp-json\/wp\/v2\/media\/26025"}],"wp:attachment":[{"href":"https:\/\/www.elvendrellturisme.com\/es\/wp-json\/wp\/v2\/media?parent=24552"}],"wp:term":[{"taxonomy":"category","embeddable":true,"href":"https:\/\/www.elvendrellturisme.com\/es\/wp-json\/wp\/v2\/categories?post=24552"},{"taxonomy":"post_tag","embeddable":true,"href":"https:\/\/www.elvendrellturisme.com\/es\/wp-json\/wp\/v2\/tags?post=24552"},{"taxonomy":"dipi_cpt_category","embeddable":true,"href":"https:\/\/www.elvendrellturisme.com\/es\/wp-json\/wp\/v2\/dipi_cpt_category?post=24552"}],"curies":[{"name":"wp","href":"https:\/\/api.w.org\/{rel}","templated":true}]}}