{"id":24565,"date":"2013-06-13T14:23:09","date_gmt":"2013-06-13T14:23:09","guid":{"rendered":"http:\/\/tv.dms3labs.cat\/turismar-mantiene-el-castillo-de-fuegos-y-contara-con-mucha-presencia-de-expositores-de-la-comarca\/"},"modified":"2013-06-13T14:23:09","modified_gmt":"2013-06-13T14:23:09","slug":"turismar-mantiene-el-castillo-de-fuegos-y-contara-con-mucha-presencia-de-expositores-de-la-comarca","status":"publish","type":"post","link":"https:\/\/www.elvendrellturisme.com\/es\/turismar-mantiene-el-castillo-de-fuegos-y-contara-con-mucha-presencia-de-expositores-de-la-comarca\/","title":{"rendered":"Turismar mantiene el castillo de fuegos y contar\u00e1 con mucha presencia de expositores de la comarca"},"content":{"rendered":"<p>Del 21 al 24 de junio, la 27\u00aa edici\u00f3n de la feria Turismar llenar\u00e1 de nuevo la plaza de losGermans Trillas de Coma-ruga, que se convertir\u00e1 en el escaparate de una sesentena de estands multisectorials, en los cuales habr\u00e1 mucha m\u00e1s presencia de expositores de la comarca respecto a ediciones anteriores. La regidora de Promoci\u00f3n Econ\u00f3mica, Turismo y Playas, \u00c0ngels Turdiu, ha puesto de relieve este hecho y ha agradecido la confianza de estas empresas del Baix Pened\u00e8s en la feria Turismar que, un a\u00f1o m\u00e1s, incorpora la Muestra de cava del Baix Pened\u00e8s. Tambi\u00e9n estar\u00e1 la zona l\u00fadica donde se desarrollar\u00e1n actividades para todos los p\u00fablicos.<\/p>\n<p>Del programa de actos, \u00c0ngels Turdiu ha destacado los encuentros de puntaires, del s\u00e1bado, y de gigantes, del domingo. La regidora tambi\u00e9n ha explicado que &quot;este a\u00f1o, al entablado instalado entre el pantal\u00e0 y el Riuet, se contar\u00e1 con la actuaci\u00f3n de grupos de diferentes pa\u00edses ex sovieticos&quot;.<\/p>\n<p>Adem\u00e1s, se contar\u00e1 con las actuaciones de diferentes grupos, entidades y escuelas de baile. C\u00f3mo en a\u00f1os anteriores, la feria Turismar coincidir\u00e1 con la verbena de San Juan, que da el disparo de salida simb\u00f3lico a la temporada tur\u00edstica de verano. Por esto, el s\u00e1bado 23 por la noche se har\u00e1 de nuevo el castillo de fuegos gracias al esfuerzo que, un a\u00f1o m\u00e1s, han hecho la Asociaci\u00f3n de Comerciantes de las Playas, con la colaboraci\u00f3n del Centro de Iniciativas y Turismo (CIT), para hacerse cargo de su coste. El presidente del CIT, Mag\u00ed Mateu, ha explicado que &quot;ha habido una alta participaci\u00f3n de los comercios para recoger los 3.000 euros que cuesta hacer el castillo de fuegos y esperamos que el Turismar sea el inicio de una gran temporada de verano&quot;. En este sentido, el alcalde del Vendrell, Mart\u00ed Carnicer, ha manifestado que &quot;Turismar siempre es una feria especial que significa el inicio del verano y, tambi\u00e9n, es un buen escaparate para favorecer y promocionar el comercio y el turismo, dos sectores muy importantes para nuestra econom\u00eda local&quot;. Por otro lado, \u00c0ngels Turdiu ha anunciado que este a\u00f1o el concierto de la Verbena de San Juan no se har\u00e1 en Coma-ruga, en el marco del Turismar. El principal motivo han sido las quejas de los comerciantes de la zona sobre actos de incivismo en los \u00faltimos dos a\u00f1os. Pr\u00f3ximamente, la Comisi\u00f3n de Fiestas informar\u00e1 sobre el formato y el lugar donde se desarrollar\u00e1 esta fiesta.<\/p>\n<p>La inauguraci\u00f3n de la feria Turismar tendr\u00e1 lugar el viernes 21 de junio, a las 19.30 h, en la cual tendr\u00e1 lugar la izada simb\u00f3lica de las banderas de la certificaci\u00f3n ISO 14001, por la buena gesti\u00f3n ambiental, que tienen las playas de Coma-ruga, Sant Salvador y el Franc\u00e0s y, tambi\u00e9n, la Oficina de Turismo. A continuaci\u00f3n, se har\u00e1 una actuaci\u00f3n castellera a cargo de los Nens del Vendrell.<\/p>\n","protected":false},"excerpt":{"rendered":"<p>Del 21 al 24 de junio, la 27\u00aa edici\u00f3n de la feria Turismar llenar\u00e1 de nuevo la plaza de losGermans Trillas de Coma-ruga, que se convertir\u00e1 en el escaparate de una sesentena de estands multisectorials, en los cuales habr\u00e1 mucha m\u00e1s presencia de expositores de la comarca respecto a ediciones anteriores. La regidora de Promoci\u00f3n [&hellip;]<\/p>\n","protected":false},"author":1,"featured_media":22642,"comment_status":"open","ping_status":"closed","sticky":false,"template":"","format":"standard","meta":{"_acf_changed":false,"_et_pb_use_builder":"","_et_pb_old_content":"","_et_gb_content_width":"","content-type":"","footnotes":""},"categories":[],"tags":[],"dipi_cpt_category":[],"class_list":["post-24565","post","type-post","status-publish","format-standard","has-post-thumbnail","hentry"],"acf":[],"_links":{"self":[{"href":"https:\/\/www.elvendrellturisme.com\/es\/wp-json\/wp\/v2\/posts\/24565","targetHints":{"allow":["GET"]}}],"collection":[{"href":"https:\/\/www.elvendrellturisme.com\/es\/wp-json\/wp\/v2\/posts"}],"about":[{"href":"https:\/\/www.elvendrellturisme.com\/es\/wp-json\/wp\/v2\/types\/post"}],"author":[{"embeddable":true,"href":"https:\/\/www.elvendrellturisme.com\/es\/wp-json\/wp\/v2\/users\/1"}],"replies":[{"embeddable":true,"href":"https:\/\/www.elvendrellturisme.com\/es\/wp-json\/wp\/v2\/comments?post=24565"}],"version-history":[{"count":0,"href":"https:\/\/www.elvendrellturisme.com\/es\/wp-json\/wp\/v2\/posts\/24565\/revisions"}],"wp:featuredmedia":[{"embeddable":true,"href":"https:\/\/www.elvendrellturisme.com\/es\/wp-json\/wp\/v2\/media\/22642"}],"wp:attachment":[{"href":"https:\/\/www.elvendrellturisme.com\/es\/wp-json\/wp\/v2\/media?parent=24565"}],"wp:term":[{"taxonomy":"category","embeddable":true,"href":"https:\/\/www.elvendrellturisme.com\/es\/wp-json\/wp\/v2\/categories?post=24565"},{"taxonomy":"post_tag","embeddable":true,"href":"https:\/\/www.elvendrellturisme.com\/es\/wp-json\/wp\/v2\/tags?post=24565"},{"taxonomy":"dipi_cpt_category","embeddable":true,"href":"https:\/\/www.elvendrellturisme.com\/es\/wp-json\/wp\/v2\/dipi_cpt_category?post=24565"}],"curies":[{"name":"wp","href":"https:\/\/api.w.org\/{rel}","templated":true}]}}