{"id":24566,"date":"2013-06-14T10:05:40","date_gmt":"2013-06-14T10:05:40","guid":{"rendered":"http:\/\/tv.dms3labs.cat\/el-33o-festival-internacional-de-musica-pau-casals-programa-15-conciertos-de-gran-calidad-como-homenaje-al-maestro\/"},"modified":"2013-06-14T10:05:40","modified_gmt":"2013-06-14T10:05:40","slug":"el-33o-festival-internacional-de-musica-pau-casals-programa-15-conciertos-de-gran-calidad-como-homenaje-al-maestro","status":"publish","type":"post","link":"https:\/\/www.elvendrellturisme.com\/es\/el-33o-festival-internacional-de-musica-pau-casals-programa-15-conciertos-de-gran-calidad-como-homenaje-al-maestro\/","title":{"rendered":"El 33\u00ba Festival Internacional de M\u00fasica Pau Casals programa 15 conciertos de gran calidad como homenaje al Maestro"},"content":{"rendered":"<p>El 33\u00ba Festival Internacional de M\u00fasica Pau Casals (FIMPC) que se celebrar\u00e1 en el Auditorio Pau Casals de Sant Salvador entre el 13 de julio y el 24 de agosto llegar\u00e1 este a\u00f1o con un incremento del n\u00famero de conciertos, que pasa de los 12 del a\u00f1o pasado a los 15 de este a\u00f1o. El certamen mantiene, eso s\u00ed, los mismos objetivos de su inicio: homenajear al Maestro Pau Casals a trav\u00e9s de la m\u00fasica de calidad y hacer una atenci\u00f3n especial al violonchelo. As\u00ed se puso de manifiesto antes de ayer, en la presentaci\u00f3n p\u00fablica del festival llevada  acabo en el Palau Robert de Barcelona. Un acto que cont\u00f3 con la presencia del alcalde del Vendrell, Mart\u00ed Carnicer; del regidor de Cultura, Albert Sol\u00e9; del director del \u00e1rea de M\u00fasica del Instituto Catal\u00e1n de empresas Culturales, Albert Bardolet; del director de la Orquesta de c\u00e1mara Terrassa 48, Quim T\u00e9rmens, y del gerente del Auditorio Pau Casals, Juli Grandia.<\/p>\n<p>El 33o FIMPC arrancar\u00e1, como es tradici\u00f3n, con un concierto de violonchelo, este a\u00f1o protagonizado por el violoncelista ruso Alexander Bouzlov. Este incluir\u00e1 dentro de un exigente repertorio la Suite n\u00famero 3 de J. S. Bach. El Festival mantiene as\u00ed otro de sus disparos distintivos: interpretar una de las suites del compositor alem\u00e1n en el primer concierto del certamen como homenaje a la devoci\u00f3n de Pau Casals por Bach.<\/p>\n<p>La programaci\u00f3n del Festival, en palabras del gerente del Auditorio Pau Casals, Juli Grandia, no ser\u00eda posible &quot;sin el alma, la vida y el entusiasmo que se pone desde hace 33 a\u00f1os&quot;, ofrece una serie de conciertos de m\u00fasica de int\u00e9rpretes nacionales e internacionales de gran calidad.<\/p>\n<p>El 18 de julio actuar\u00e1 el Brightduo, integrado por la pianista Fatima Alieva y el violoncelista Nikolay Shugaev. El 20 de julio ser\u00e1 el turno de la Orquesta de Flautas de la Universidad de Nagoya, del Jap\u00f3n, dirigida por Naoki Takagi. El s\u00e1bado 27 de julio llegar\u00e1 otro cl\u00e1sico del Festival Pau Casals, un concierto de copla, este a\u00f1o protagonizado por la Copla Maricel, dirigida por Xavier Labrador. Ya el 30 de julio, y tambi\u00e9n en la l\u00ednea de promoci\u00f3n de los int\u00e9rpretes y las formaciones catalanas, el FIMPC acoger\u00e1 el Coro Joven Nacional de Catalu\u00f1a, una iniciativa impulsada por el Movimiento Coral Catal\u00e1n, con el apoyo de la Generalitat de Catalu\u00f1a, que quiere ofrecer una oportunidad a los mejores talentos del pa\u00eds bajo la direcci\u00f3n de reputados cantantes estatales e internacionales. El primer d\u00eda de agosto arrancar\u00e1 con el Tr\u00edo Guarnieri, y continuar\u00e1 con el coro de c\u00e1mara Lieder C\u00e1mara, dirigido por Xavier Pastrana el 3 de agosto. El 8 de agosto el escenario del Auditorio de Sant Salvador ser\u00e1 para la Orquesta Camerata XXI dirigida por Tobias Gossmann. El viernes 9 de agosto, y a ra\u00edz de la colaboraci\u00f3n existente entre el FIMPC con los Amigos del \u00d3rgano y la Asociaci\u00f3n Musical Pau Casals, el Festival celebrar\u00e1 el concierto en la Iglesia parroquial del Vendrell puesto que este estar\u00e1 protagonizado por el organista Bart Naessens y el violoncelista Roel Dieltsiens. El domingo 11 de agosto el certamen apostar\u00e1 por el p\u00fablico familiar con el concierto del Quinteto La Truita. El d\u00eda 15 llegar\u00e1 uno de los platos fuertes de la programaci\u00f3n de este a\u00f1o, la actuaci\u00f3n del tr\u00edo polaco Kroke, que presentar\u00e1 su \u00faltimo CD Feelharmony y otros temas de su discograf\u00eda. Tambi\u00e9n el d\u00eda 17, el Auditorio se vestir\u00e1 de gala para recibir al Cuarteto Casals y al maestro guitarrista Pepe Romero, en uno de los conciertos estelares de este a\u00f1o. De hecho, este concierto tendr\u00e1 una nueva sesi\u00f3n el d\u00eda siguiente, 18 de agosto. Los dos \u00faltimos conciertos del FIMPC ser\u00e1n el 22 de agosto, con la pianista Iulianna Adveieva y el s\u00e1bado 24 de agosto con la Orquesta de c\u00e1mara Terrassa 48 con un programa titulado Elvis y tangos con gusto barroco.<\/p>\n<p>La programaci\u00f3n del 33\u00ba Festival se complementar\u00e1 con el Festival Joven M\u00fasica en los jardines de la Vil\u00b7la Museo Pau Casals, que incluye cinco conciertos comprendidos entre el 27 de julio y el 24 de agosto.<\/p>\n<p>El Festival de este 2013 cuenta de nuevo con el apoyo de los patrocinadores, que ayer por la tarde firmaron los convenios de colaboraci\u00f3n en el mismo Auditorio Pau Casals. Durante el acto, Juli Grandia destac\u00f3 &quot;la importancia de su papel puesto que nos ayudan a mantener el entusiasmo y, por lo tanto, les tenemos que agradecer su apoyo, sobre todo en los tiempos que estamos viviendo&quot;. En nombre de las empresas colaboradoras, Jaume Arnal, asegur\u00f3 que &quot;festivales como este nos hace grandes como pueblo&quot;.<\/p>\n<p>El regidor de Cultura, Albert Sol\u00e9, manifest\u00f3 que &quot;tenemos la ilusi\u00f3n y la conciencia que a trav\u00e9s de la cultura podemos crecer m\u00e1s como pueblo y esto no ser\u00eda posible sin el apoyo de los patrocinadores que, con poca compensaci\u00f3n, ponen mucha ilusi\u00f3n para sacar adelante este Festival&quot;. El alcalde del Vendrell, Mart\u00ed Carnicer, hizo p\u00fablico tambi\u00e9n su agradecimiento especial a los patrocinadores del Festival puesto que, dijo, &quot;sin su apoyo no se podr\u00eda conseguir el mismo nivel de calidad y de n\u00famero de conciertos&quot;.<\/p>\n","protected":false},"excerpt":{"rendered":"<p>El 33\u00ba Festival Internacional de M\u00fasica Pau Casals (FIMPC) que se celebrar\u00e1 en el Auditorio Pau Casals de Sant Salvador entre el 13 de julio y el 24 de agosto llegar\u00e1 este a\u00f1o con un incremento del n\u00famero de conciertos, que pasa de los 12 del a\u00f1o pasado a los 15 de este a\u00f1o. El [&hellip;]<\/p>\n","protected":false},"author":1,"featured_media":22644,"comment_status":"open","ping_status":"closed","sticky":false,"template":"","format":"standard","meta":{"_acf_changed":false,"_et_pb_use_builder":"","_et_pb_old_content":"","_et_gb_content_width":"","content-type":"","footnotes":""},"categories":[],"tags":[],"dipi_cpt_category":[],"class_list":["post-24566","post","type-post","status-publish","format-standard","has-post-thumbnail","hentry"],"acf":[],"_links":{"self":[{"href":"https:\/\/www.elvendrellturisme.com\/es\/wp-json\/wp\/v2\/posts\/24566","targetHints":{"allow":["GET"]}}],"collection":[{"href":"https:\/\/www.elvendrellturisme.com\/es\/wp-json\/wp\/v2\/posts"}],"about":[{"href":"https:\/\/www.elvendrellturisme.com\/es\/wp-json\/wp\/v2\/types\/post"}],"author":[{"embeddable":true,"href":"https:\/\/www.elvendrellturisme.com\/es\/wp-json\/wp\/v2\/users\/1"}],"replies":[{"embeddable":true,"href":"https:\/\/www.elvendrellturisme.com\/es\/wp-json\/wp\/v2\/comments?post=24566"}],"version-history":[{"count":0,"href":"https:\/\/www.elvendrellturisme.com\/es\/wp-json\/wp\/v2\/posts\/24566\/revisions"}],"wp:featuredmedia":[{"embeddable":true,"href":"https:\/\/www.elvendrellturisme.com\/es\/wp-json\/wp\/v2\/media\/22644"}],"wp:attachment":[{"href":"https:\/\/www.elvendrellturisme.com\/es\/wp-json\/wp\/v2\/media?parent=24566"}],"wp:term":[{"taxonomy":"category","embeddable":true,"href":"https:\/\/www.elvendrellturisme.com\/es\/wp-json\/wp\/v2\/categories?post=24566"},{"taxonomy":"post_tag","embeddable":true,"href":"https:\/\/www.elvendrellturisme.com\/es\/wp-json\/wp\/v2\/tags?post=24566"},{"taxonomy":"dipi_cpt_category","embeddable":true,"href":"https:\/\/www.elvendrellturisme.com\/es\/wp-json\/wp\/v2\/dipi_cpt_category?post=24566"}],"curies":[{"name":"wp","href":"https:\/\/api.w.org\/{rel}","templated":true}]}}