{"id":24577,"date":"2013-07-01T15:18:53","date_gmt":"2013-07-01T15:18:53","guid":{"rendered":"http:\/\/tv.dms3labs.cat\/ganadores-del-concurso-fotografico-vinstagramvendrell-y-del-concurso-de-microrelatos\/"},"modified":"2013-07-01T15:18:53","modified_gmt":"2013-07-01T15:18:53","slug":"ganadores-del-concurso-fotografico-vinstagramvendrell-y-del-concurso-de-microrelatos","status":"publish","type":"post","link":"https:\/\/www.elvendrellturisme.com\/es\/ganadores-del-concurso-fotografico-vinstagramvendrell-y-del-concurso-de-microrelatos\/","title":{"rendered":"Ganadores del Concurso fotogr\u00e1fico #vinstagramvendrell y del Concurso de microrelatos"},"content":{"rendered":"<p>Montserrat Espar Llena, Mireia Amores S\u00e1nchez y Gemma Ventura Farr\u00e9 han sido las tres ganadoras de los concursos de Fotograf\u00eda y Microrelatos convocados por la Biblioteca P\u00fablica Terra Baixa dentro del proyecte &quot;Bibliotecas con DO&quot;. <\/p>\n<p>Con el objetivo de difundir la vinculaci\u00f3n entre el mundo del vino y las letras y la cultura, desde la Biblioteca del Vendrell se han desarrollado varias actividades durante el mes de junio. Entre estas hab\u00eda dos concursos: #vinstagramvendrell (a trav\u00e9s de la red fotogr\u00e1fica Instagram) y otro de microrelatos. En los dos casos, se quiso dar el m\u00e1ximo protagonismo a los usuarios a la hora de otorgar los premios, a trav\u00e9s de sus votos en la p\u00e1gina de Facebook de la Biblioteca. <\/p>\n<p>Al concurso de fotograf\u00eda #vinstagramvendrell se han presentado un total de 24 im\u00e1genes, y hab\u00eda dos premios. El primero corresponde a la imagen m\u00e1s votada por los usuarios, y ha sido la de Mireia Amores S\u00e1nchez, con un total de 126 votos recibidos.<\/p>\n<p>Con respecto al otro premio, la imagen ganadora ha sido la de Montserrat Espar Llena, seg\u00fan decisi\u00f3n de un jurado integrado por Rosario Izquierdo Garc\u00eda (del Grupo Fotogr\u00e1fico del Vendrell), Anna Balasch y Alfons Morillas (en representaci\u00f3n de la Biblioteca). <\/p>\n<p>El otro concurso consist\u00eda en la presentaci\u00f3n de un microrelato sobre el mundo del vino, y tambi\u00e9n en este caso el ganador ha sido el m\u00e1s votado por parte de los usuarios a trav\u00e9s del Facebook de la Biblioteca. De los 10 microrelatos presentados, el ganador final ha sido &quot;Fuga\u00e7&quot;, de Gemma Ventura Farr\u00e9, que ha recibido 39 votos. <\/p>\n<p>Foto: Montse Espar<\/p>\n","protected":false},"excerpt":{"rendered":"<p>Montserrat Espar Llena, Mireia Amores S\u00e1nchez y Gemma Ventura Farr\u00e9 han sido las tres ganadoras de los concursos de Fotograf\u00eda y Microrelatos convocados por la Biblioteca P\u00fablica Terra Baixa dentro del proyecte &quot;Bibliotecas con DO&quot;. Con el objetivo de difundir la vinculaci\u00f3n entre el mundo del vino y las letras y la cultura, desde la [&hellip;]<\/p>\n","protected":false},"author":1,"featured_media":22664,"comment_status":"open","ping_status":"closed","sticky":false,"template":"","format":"standard","meta":{"_acf_changed":false,"_et_pb_use_builder":"","_et_pb_old_content":"","_et_gb_content_width":"","content-type":"","footnotes":""},"categories":[],"tags":[],"dipi_cpt_category":[],"class_list":["post-24577","post","type-post","status-publish","format-standard","has-post-thumbnail","hentry"],"acf":[],"_links":{"self":[{"href":"https:\/\/www.elvendrellturisme.com\/es\/wp-json\/wp\/v2\/posts\/24577","targetHints":{"allow":["GET"]}}],"collection":[{"href":"https:\/\/www.elvendrellturisme.com\/es\/wp-json\/wp\/v2\/posts"}],"about":[{"href":"https:\/\/www.elvendrellturisme.com\/es\/wp-json\/wp\/v2\/types\/post"}],"author":[{"embeddable":true,"href":"https:\/\/www.elvendrellturisme.com\/es\/wp-json\/wp\/v2\/users\/1"}],"replies":[{"embeddable":true,"href":"https:\/\/www.elvendrellturisme.com\/es\/wp-json\/wp\/v2\/comments?post=24577"}],"version-history":[{"count":0,"href":"https:\/\/www.elvendrellturisme.com\/es\/wp-json\/wp\/v2\/posts\/24577\/revisions"}],"wp:featuredmedia":[{"embeddable":true,"href":"https:\/\/www.elvendrellturisme.com\/es\/wp-json\/wp\/v2\/media\/22664"}],"wp:attachment":[{"href":"https:\/\/www.elvendrellturisme.com\/es\/wp-json\/wp\/v2\/media?parent=24577"}],"wp:term":[{"taxonomy":"category","embeddable":true,"href":"https:\/\/www.elvendrellturisme.com\/es\/wp-json\/wp\/v2\/categories?post=24577"},{"taxonomy":"post_tag","embeddable":true,"href":"https:\/\/www.elvendrellturisme.com\/es\/wp-json\/wp\/v2\/tags?post=24577"},{"taxonomy":"dipi_cpt_category","embeddable":true,"href":"https:\/\/www.elvendrellturisme.com\/es\/wp-json\/wp\/v2\/dipi_cpt_category?post=24577"}],"curies":[{"name":"wp","href":"https:\/\/api.w.org\/{rel}","templated":true}]}}