{"id":24585,"date":"2013-07-08T11:31:28","date_gmt":"2013-07-08T11:31:28","guid":{"rendered":"http:\/\/tv.dms3labs.cat\/las-piscinas-municipales-se-suman-este-domingo-a-la-iniciativa-solidaria-mojate\/"},"modified":"2013-07-08T11:31:28","modified_gmt":"2013-07-08T11:31:28","slug":"las-piscinas-municipales-se-suman-este-domingo-a-la-iniciativa-solidaria-mojate","status":"publish","type":"post","link":"https:\/\/www.elvendrellturisme.com\/es\/las-piscinas-municipales-se-suman-este-domingo-a-la-iniciativa-solidaria-mojate\/","title":{"rendered":"Las piscinas municipales se suman este domingo a la iniciativa solidaria &quot;M\u00f3jate&quot;"},"content":{"rendered":"<p>La piscina cubierta municipal de la avenida del Camp d&#8217;Esports y la piscina descubierta del complejo deportivo Club de Tenis Vendrell abrir\u00e1n las puertas el pr\u00f3ximo domingo 14 de julio, para sumarse una vez m\u00e1s a la iniciativa solidaria &quot;M\u00f3jate por la esclerosis m\u00faltiple!&quot;.<\/p>\n<p>La campa\u00f1a, destinada a la recogida de fondos para la lucha contra esta enfermedad del sistema nervioso central, se reproducir\u00e1 de manera simult\u00e1nea en m\u00e1s de 630 piscinas de todo Catalu\u00f1a.<\/p>\n<p>De este modo, todos los usuarios que a lo largo de la jornada se acerquen a estas instalaciones deportivas podr\u00e1n realizar sus donativos, adem\u00e1s de conocer mejor esta enfermedad que, s\u00f3lo en Catalu\u00f1a, afecta a m\u00e1s de 6.000 personas. Para colaborar con esta propuesta s\u00f3lo se necesario hacer unas brazadas en las piscinas adheridas o bien comprar material de la campa\u00f1a, como por ejemplo camisetas, toallas o bolsas. Otra v\u00eda para participar activamente es hacerse voluntario.<\/p>\n","protected":false},"excerpt":{"rendered":"<p>La piscina cubierta municipal de la avenida del Camp d&#8217;Esports y la piscina descubierta del complejo deportivo Club de Tenis Vendrell abrir\u00e1n las puertas el pr\u00f3ximo domingo 14 de julio, para sumarse una vez m\u00e1s a la iniciativa solidaria &quot;M\u00f3jate por la esclerosis m\u00faltiple!&quot;. La campa\u00f1a, destinada a la recogida de fondos para la lucha [&hellip;]<\/p>\n","protected":false},"author":1,"featured_media":22680,"comment_status":"open","ping_status":"closed","sticky":false,"template":"","format":"standard","meta":{"_acf_changed":false,"_et_pb_use_builder":"","_et_pb_old_content":"","_et_gb_content_width":"","content-type":"","footnotes":""},"categories":[],"tags":[],"dipi_cpt_category":[],"class_list":["post-24585","post","type-post","status-publish","format-standard","has-post-thumbnail","hentry"],"acf":[],"_links":{"self":[{"href":"https:\/\/www.elvendrellturisme.com\/es\/wp-json\/wp\/v2\/posts\/24585","targetHints":{"allow":["GET"]}}],"collection":[{"href":"https:\/\/www.elvendrellturisme.com\/es\/wp-json\/wp\/v2\/posts"}],"about":[{"href":"https:\/\/www.elvendrellturisme.com\/es\/wp-json\/wp\/v2\/types\/post"}],"author":[{"embeddable":true,"href":"https:\/\/www.elvendrellturisme.com\/es\/wp-json\/wp\/v2\/users\/1"}],"replies":[{"embeddable":true,"href":"https:\/\/www.elvendrellturisme.com\/es\/wp-json\/wp\/v2\/comments?post=24585"}],"version-history":[{"count":0,"href":"https:\/\/www.elvendrellturisme.com\/es\/wp-json\/wp\/v2\/posts\/24585\/revisions"}],"wp:featuredmedia":[{"embeddable":true,"href":"https:\/\/www.elvendrellturisme.com\/es\/wp-json\/wp\/v2\/media\/22680"}],"wp:attachment":[{"href":"https:\/\/www.elvendrellturisme.com\/es\/wp-json\/wp\/v2\/media?parent=24585"}],"wp:term":[{"taxonomy":"category","embeddable":true,"href":"https:\/\/www.elvendrellturisme.com\/es\/wp-json\/wp\/v2\/categories?post=24585"},{"taxonomy":"post_tag","embeddable":true,"href":"https:\/\/www.elvendrellturisme.com\/es\/wp-json\/wp\/v2\/tags?post=24585"},{"taxonomy":"dipi_cpt_category","embeddable":true,"href":"https:\/\/www.elvendrellturisme.com\/es\/wp-json\/wp\/v2\/dipi_cpt_category?post=24585"}],"curies":[{"name":"wp","href":"https:\/\/api.w.org\/{rel}","templated":true}]}}