{"id":24590,"date":"2013-07-16T15:57:02","date_gmt":"2013-07-16T15:57:02","guid":{"rendered":"http:\/\/tv.dms3labs.cat\/aviso-canvio-de-dia-del-mercado-semanal-con-motivo-de-la-fiesta-mayor-del-vendrell\/"},"modified":"2013-07-16T15:57:02","modified_gmt":"2013-07-16T15:57:02","slug":"aviso-canvio-de-dia-del-mercado-semanal-con-motivo-de-la-fiesta-mayor-del-vendrell","status":"publish","type":"post","link":"https:\/\/www.elvendrellturisme.com\/es\/aviso-canvio-de-dia-del-mercado-semanal-con-motivo-de-la-fiesta-mayor-del-vendrell\/","title":{"rendered":"AVISO: Canvio de d\u00eda del mercado semanal con motivo de la Fiesta Mayor del Vendrell"},"content":{"rendered":"<p>Con motivo de la coincidencia con el d\u00eda festivo de la Fiesta Mayor del Vendrell, el mercado semanal que se ubica en la Rambla, en la calle de los Caf\u00e8s y en la plaza Nova se har\u00e1 el jueves 25 de julio en vez del viernes 26 de julio.<\/p>\n<p>M\u00e1s informaci\u00f3n: Patronato Municipal de Promoci\u00f3n Econ\u00f3mica, tel. 977 66 52 53<\/p>\n","protected":false},"excerpt":{"rendered":"<p>Con motivo de la coincidencia con el d\u00eda festivo de la Fiesta Mayor del Vendrell, el mercado semanal que se ubica en la Rambla, en la calle de los Caf\u00e8s y en la plaza Nova se har\u00e1 el jueves 25 de julio en vez del viernes 26 de julio. M\u00e1s informaci\u00f3n: Patronato Municipal de Promoci\u00f3n [&hellip;]<\/p>\n","protected":false},"author":1,"featured_media":26025,"comment_status":"open","ping_status":"closed","sticky":false,"template":"","format":"standard","meta":{"_acf_changed":false,"_et_pb_use_builder":"","_et_pb_old_content":"","_et_gb_content_width":"","content-type":"","footnotes":""},"categories":[],"tags":[],"dipi_cpt_category":[],"class_list":["post-24590","post","type-post","status-publish","format-standard","has-post-thumbnail","hentry"],"acf":[],"_links":{"self":[{"href":"https:\/\/www.elvendrellturisme.com\/es\/wp-json\/wp\/v2\/posts\/24590","targetHints":{"allow":["GET"]}}],"collection":[{"href":"https:\/\/www.elvendrellturisme.com\/es\/wp-json\/wp\/v2\/posts"}],"about":[{"href":"https:\/\/www.elvendrellturisme.com\/es\/wp-json\/wp\/v2\/types\/post"}],"author":[{"embeddable":true,"href":"https:\/\/www.elvendrellturisme.com\/es\/wp-json\/wp\/v2\/users\/1"}],"replies":[{"embeddable":true,"href":"https:\/\/www.elvendrellturisme.com\/es\/wp-json\/wp\/v2\/comments?post=24590"}],"version-history":[{"count":0,"href":"https:\/\/www.elvendrellturisme.com\/es\/wp-json\/wp\/v2\/posts\/24590\/revisions"}],"wp:featuredmedia":[{"embeddable":true,"href":"https:\/\/www.elvendrellturisme.com\/es\/wp-json\/wp\/v2\/media\/26025"}],"wp:attachment":[{"href":"https:\/\/www.elvendrellturisme.com\/es\/wp-json\/wp\/v2\/media?parent=24590"}],"wp:term":[{"taxonomy":"category","embeddable":true,"href":"https:\/\/www.elvendrellturisme.com\/es\/wp-json\/wp\/v2\/categories?post=24590"},{"taxonomy":"post_tag","embeddable":true,"href":"https:\/\/www.elvendrellturisme.com\/es\/wp-json\/wp\/v2\/tags?post=24590"},{"taxonomy":"dipi_cpt_category","embeddable":true,"href":"https:\/\/www.elvendrellturisme.com\/es\/wp-json\/wp\/v2\/dipi_cpt_category?post=24590"}],"curies":[{"name":"wp","href":"https:\/\/api.w.org\/{rel}","templated":true}]}}