{"id":24595,"date":"2013-07-17T15:33:02","date_gmt":"2013-07-17T15:33:02","guid":{"rendered":"http:\/\/tv.dms3labs.cat\/el-vendrell-colabora-un-ano-mas-en-la-campana-mojate-por-la-esclerosis-multiple\/"},"modified":"2013-07-17T15:33:02","modified_gmt":"2013-07-17T15:33:02","slug":"el-vendrell-colabora-un-ano-mas-en-la-campana-mojate-por-la-esclerosis-multiple","status":"publish","type":"post","link":"https:\/\/www.elvendrellturisme.com\/es\/el-vendrell-colabora-un-ano-mas-en-la-campana-mojate-por-la-esclerosis-multiple\/","title":{"rendered":"El Vendrell colabora un a\u00f1o m\u00e1s en la campa\u00f1a &quot;M\u00f3jate por la Esclerosis m\u00faltiple&quot;"},"content":{"rendered":"<p>La piscina cubierta municipal de la avenida del Campo de Deportes y la piscina descubierta del Complejo Deportivo Club de Tenis Vendrell participaron una vez m\u00e1s en la campa\u00f1a &quot;M\u00f3jate por la Esclerosis m\u00faltiple!&quot;. La iniciativa, destinada a la recogida de fondo para la lucha contra esta enfermedad contaba con la colaboraci\u00f3n de m\u00e1s de 630 piscinas de todo Catalu\u00f1a.<\/p>\n<p>Todos los usuarios que a lo largo del d\u00eda fueron a alguna de estas piscinas tuvieron la oportunidad de hacer sus donativos, o bien comprar material de la campa\u00f1a, como por ejemplo camisetas, toallas o bolsas.<\/p>\n<p>Un total de 102 usuarios pasaron por las instalaciones deportivas. La recaudaci\u00f3n que se hizo entre la venta de material y los donativos de los asistentes ir\u00e1 destinada \u00edntegramente a la Fundaci\u00f3n por la Esclerosis M\u00faltiple.<\/p>\n<p>Sergi Teruel, regidor de Deportes, manifest\u00f3 que los vendrellenses y vendrellencas han demostrado, una vez m\u00e1s, su alto grado de solidaridad, no tanto s\u00f3lo nadando por la causa, si no adquiriendo productos del m\u00f3jate que la Fundaci\u00f3n por la Esclerosis M\u00faltiple ha distribuido por todo Catalu\u00f1a.<\/p>\n","protected":false},"excerpt":{"rendered":"<p>La piscina cubierta municipal de la avenida del Campo de Deportes y la piscina descubierta del Complejo Deportivo Club de Tenis Vendrell participaron una vez m\u00e1s en la campa\u00f1a &quot;M\u00f3jate por la Esclerosis m\u00faltiple!&quot;. La iniciativa, destinada a la recogida de fondo para la lucha contra esta enfermedad contaba con la colaboraci\u00f3n de m\u00e1s de [&hellip;]<\/p>\n","protected":false},"author":1,"featured_media":22698,"comment_status":"open","ping_status":"closed","sticky":false,"template":"","format":"standard","meta":{"_acf_changed":false,"_et_pb_use_builder":"","_et_pb_old_content":"","_et_gb_content_width":"","content-type":"","footnotes":""},"categories":[],"tags":[],"dipi_cpt_category":[],"class_list":["post-24595","post","type-post","status-publish","format-standard","has-post-thumbnail","hentry"],"acf":[],"_links":{"self":[{"href":"https:\/\/www.elvendrellturisme.com\/es\/wp-json\/wp\/v2\/posts\/24595","targetHints":{"allow":["GET"]}}],"collection":[{"href":"https:\/\/www.elvendrellturisme.com\/es\/wp-json\/wp\/v2\/posts"}],"about":[{"href":"https:\/\/www.elvendrellturisme.com\/es\/wp-json\/wp\/v2\/types\/post"}],"author":[{"embeddable":true,"href":"https:\/\/www.elvendrellturisme.com\/es\/wp-json\/wp\/v2\/users\/1"}],"replies":[{"embeddable":true,"href":"https:\/\/www.elvendrellturisme.com\/es\/wp-json\/wp\/v2\/comments?post=24595"}],"version-history":[{"count":0,"href":"https:\/\/www.elvendrellturisme.com\/es\/wp-json\/wp\/v2\/posts\/24595\/revisions"}],"wp:featuredmedia":[{"embeddable":true,"href":"https:\/\/www.elvendrellturisme.com\/es\/wp-json\/wp\/v2\/media\/22698"}],"wp:attachment":[{"href":"https:\/\/www.elvendrellturisme.com\/es\/wp-json\/wp\/v2\/media?parent=24595"}],"wp:term":[{"taxonomy":"category","embeddable":true,"href":"https:\/\/www.elvendrellturisme.com\/es\/wp-json\/wp\/v2\/categories?post=24595"},{"taxonomy":"post_tag","embeddable":true,"href":"https:\/\/www.elvendrellturisme.com\/es\/wp-json\/wp\/v2\/tags?post=24595"},{"taxonomy":"dipi_cpt_category","embeddable":true,"href":"https:\/\/www.elvendrellturisme.com\/es\/wp-json\/wp\/v2\/dipi_cpt_category?post=24595"}],"curies":[{"name":"wp","href":"https:\/\/api.w.org\/{rel}","templated":true}]}}