{"id":24603,"date":"2013-07-24T09:57:52","date_gmt":"2013-07-24T09:57:52","guid":{"rendered":"http:\/\/tv.dms3labs.cat\/concierto-de-the-fromby-bans-en-el-museu-deu\/"},"modified":"2013-07-24T09:57:52","modified_gmt":"2013-07-24T09:57:52","slug":"concierto-de-the-fromby-bans-en-el-museu-deu","status":"publish","type":"post","link":"https:\/\/www.elvendrellturisme.com\/es\/concierto-de-the-fromby-bans-en-el-museu-deu\/","title":{"rendered":"Concierto de The Fromby Bans en el Museu Deu"},"content":{"rendered":"<p>El pr\u00f3ximo martes 30 de julio, a las 20 h, el Museo Deu organiza un concierto a cargo de la agrupaci\u00f3n inglesa The Formby Band en colaboraci\u00f3n con la agencia Goes Travel.<\/p>\n<p>The Fromby Band proviene de Liverpool y est\u00e1 formada por m\u00fasicos de todas las edades, desde 12 hasta 85 a\u00f1os, y desde sus or\u00edgenes ha participado en diversas giras por todo Europa. Se trata de una formaci\u00f3n muy activa y comprometida, puesto que ha participado en varios actos de cariz cultural de su ciudad, como por ejemplo en los acontecimientos relacionados con la capitalidad cultural de la ciudad de Liverpool del a\u00f1o 2010. Ha actuado tambi\u00e9n en la Royal Liverpool Philharmonic Hall y en el festival Village Green.<\/p>\n<p>El repertorio de la banda programado para este pr\u00f3ximo martes incluye m\u00fasica muy conocida por todo el mundo, como por ejemplo composiciones de The Beatles y de bandas sonoras de pel\u00edculas de gran \u00e9xito.<\/p>\n<p>La entrada al concierto es gratuita.<\/p>\n<p>Para m\u00e1s informaci\u00f3n se puede llamar al Museo Deu al tel\u00e9fono 977 66 63 08.<\/p>\n","protected":false},"excerpt":{"rendered":"<p>El pr\u00f3ximo martes 30 de julio, a las 20 h, el Museo Deu organiza un concierto a cargo de la agrupaci\u00f3n inglesa The Formby Band en colaboraci\u00f3n con la agencia Goes Travel. The Fromby Band proviene de Liverpool y est\u00e1 formada por m\u00fasicos de todas las edades, desde 12 hasta 85 a\u00f1os, y desde sus [&hellip;]<\/p>\n","protected":false},"author":1,"featured_media":26025,"comment_status":"open","ping_status":"closed","sticky":false,"template":"","format":"standard","meta":{"_acf_changed":false,"_et_pb_use_builder":"","_et_pb_old_content":"","_et_gb_content_width":"","content-type":"","footnotes":""},"categories":[],"tags":[],"dipi_cpt_category":[],"class_list":["post-24603","post","type-post","status-publish","format-standard","has-post-thumbnail","hentry"],"acf":[],"_links":{"self":[{"href":"https:\/\/www.elvendrellturisme.com\/es\/wp-json\/wp\/v2\/posts\/24603","targetHints":{"allow":["GET"]}}],"collection":[{"href":"https:\/\/www.elvendrellturisme.com\/es\/wp-json\/wp\/v2\/posts"}],"about":[{"href":"https:\/\/www.elvendrellturisme.com\/es\/wp-json\/wp\/v2\/types\/post"}],"author":[{"embeddable":true,"href":"https:\/\/www.elvendrellturisme.com\/es\/wp-json\/wp\/v2\/users\/1"}],"replies":[{"embeddable":true,"href":"https:\/\/www.elvendrellturisme.com\/es\/wp-json\/wp\/v2\/comments?post=24603"}],"version-history":[{"count":0,"href":"https:\/\/www.elvendrellturisme.com\/es\/wp-json\/wp\/v2\/posts\/24603\/revisions"}],"wp:featuredmedia":[{"embeddable":true,"href":"https:\/\/www.elvendrellturisme.com\/es\/wp-json\/wp\/v2\/media\/26025"}],"wp:attachment":[{"href":"https:\/\/www.elvendrellturisme.com\/es\/wp-json\/wp\/v2\/media?parent=24603"}],"wp:term":[{"taxonomy":"category","embeddable":true,"href":"https:\/\/www.elvendrellturisme.com\/es\/wp-json\/wp\/v2\/categories?post=24603"},{"taxonomy":"post_tag","embeddable":true,"href":"https:\/\/www.elvendrellturisme.com\/es\/wp-json\/wp\/v2\/tags?post=24603"},{"taxonomy":"dipi_cpt_category","embeddable":true,"href":"https:\/\/www.elvendrellturisme.com\/es\/wp-json\/wp\/v2\/dipi_cpt_category?post=24603"}],"curies":[{"name":"wp","href":"https:\/\/api.w.org\/{rel}","templated":true}]}}