{"id":24624,"date":"2014-01-24T10:48:04","date_gmt":"2014-01-24T10:48:04","guid":{"rendered":"http:\/\/tv.dms3labs.cat\/el-vendrell-se-promociona-a-fitur\/"},"modified":"2014-01-24T10:48:04","modified_gmt":"2014-01-24T10:48:04","slug":"el-vendrell-se-promociona-a-fitur","status":"publish","type":"post","link":"https:\/\/www.elvendrellturisme.com\/es\/el-vendrell-se-promociona-a-fitur\/","title":{"rendered":"El Vendrell se promociona a FITUR"},"content":{"rendered":"<p>El Vendrell es presente a la feria de turismo de FITUR, de Madrid, a trav\u00e9s del convenio c\u00f2rner del Patronato de Turismo de la Diputaci\u00f3n de Tarragona-Costa Dorada. Este certamen se inaugur\u00f3 ayer, 22 de enero; restar\u00e1 abierto hasta el domingo 26 de enero y tiene previsto recibir m\u00e1s de 200.000 visitantes y profesionales del turismo. <\/p>\n<p>La oferta tur\u00edstica de Vendrell est\u00e1 representada al estand de la marca tur\u00edstica Cuesta Dorada, junto con gran variedad de productos como por ejemplo el turismo cultural, deportivo, gastron\u00f3mico, n\u00e1utico, litoral y de salud y bienestar que ofrece el municipio. <\/p>\n<p>Hablar de FITUR es hablar del encuentro de los profesionales del turismo para definir las l\u00edneas de trabajo, estrategias y alianzas empresariales, con el fin de dinamizar y reforzar la actividad tur\u00edstica, innovando para atender las demandas cambiantes del mercado. Instituciones promotoras y emprendidas operadoras en la gesti\u00f3n y desarrollos tur\u00edsticos internacionales tienen su punto de encuentro en Madrid a FITUR. <\/p>\n<p>En este sentido, se mantienen contactos con operadores de turismo para planificar encuentros a Vendrell para poderlos ense\u00f1ar in situ la oferta tur\u00edstica del municipio. La regidora de Promoci\u00f3n Econ\u00f3mica, Comercio, Turismo y Playas, \u00c0ngels Turdiu, destaca la importancia de ser presentes a FITUR, porque se trata de un punto de encuentro global de profesionales del turismo y, por lo tanto, &quot;es un buen escaparate para la promoci\u00f3n de nuestro municipio como destino tur\u00edstico a trav\u00e9s de operadores internacionales&quot;.<\/p>\n","protected":false},"excerpt":{"rendered":"<p>El Vendrell es presente a la feria de turismo de FITUR, de Madrid, a trav\u00e9s del convenio c\u00f2rner del Patronato de Turismo de la Diputaci\u00f3n de Tarragona-Costa Dorada. Este certamen se inaugur\u00f3 ayer, 22 de enero; restar\u00e1 abierto hasta el domingo 26 de enero y tiene previsto recibir m\u00e1s de 200.000 visitantes y profesionales del [&hellip;]<\/p>\n","protected":false},"author":1,"featured_media":22752,"comment_status":"open","ping_status":"closed","sticky":false,"template":"","format":"standard","meta":{"_acf_changed":false,"_et_pb_use_builder":"","_et_pb_old_content":"","_et_gb_content_width":"","content-type":"","footnotes":""},"categories":[],"tags":[],"dipi_cpt_category":[],"class_list":["post-24624","post","type-post","status-publish","format-standard","has-post-thumbnail","hentry"],"acf":[],"_links":{"self":[{"href":"https:\/\/www.elvendrellturisme.com\/es\/wp-json\/wp\/v2\/posts\/24624","targetHints":{"allow":["GET"]}}],"collection":[{"href":"https:\/\/www.elvendrellturisme.com\/es\/wp-json\/wp\/v2\/posts"}],"about":[{"href":"https:\/\/www.elvendrellturisme.com\/es\/wp-json\/wp\/v2\/types\/post"}],"author":[{"embeddable":true,"href":"https:\/\/www.elvendrellturisme.com\/es\/wp-json\/wp\/v2\/users\/1"}],"replies":[{"embeddable":true,"href":"https:\/\/www.elvendrellturisme.com\/es\/wp-json\/wp\/v2\/comments?post=24624"}],"version-history":[{"count":0,"href":"https:\/\/www.elvendrellturisme.com\/es\/wp-json\/wp\/v2\/posts\/24624\/revisions"}],"wp:featuredmedia":[{"embeddable":true,"href":"https:\/\/www.elvendrellturisme.com\/es\/wp-json\/wp\/v2\/media\/22752"}],"wp:attachment":[{"href":"https:\/\/www.elvendrellturisme.com\/es\/wp-json\/wp\/v2\/media?parent=24624"}],"wp:term":[{"taxonomy":"category","embeddable":true,"href":"https:\/\/www.elvendrellturisme.com\/es\/wp-json\/wp\/v2\/categories?post=24624"},{"taxonomy":"post_tag","embeddable":true,"href":"https:\/\/www.elvendrellturisme.com\/es\/wp-json\/wp\/v2\/tags?post=24624"},{"taxonomy":"dipi_cpt_category","embeddable":true,"href":"https:\/\/www.elvendrellturisme.com\/es\/wp-json\/wp\/v2\/dipi_cpt_category?post=24624"}],"curies":[{"name":"wp","href":"https:\/\/api.w.org\/{rel}","templated":true}]}}