{"id":24630,"date":"2014-03-22T11:46:20","date_gmt":"2014-03-22T11:46:20","guid":{"rendered":"http:\/\/tv.dms3labs.cat\/se-pone-en-funcionamiento-el-bus-expres\/"},"modified":"2014-03-22T11:46:20","modified_gmt":"2014-03-22T11:46:20","slug":"se-pone-en-funcionamiento-el-bus-expres","status":"publish","type":"post","link":"https:\/\/www.elvendrellturisme.com\/es\/se-pone-en-funcionamiento-el-bus-expres\/","title":{"rendered":"Se pone en funcionamiento el bus expres"},"content":{"rendered":"<p>Hoy por la ma\u00f1ana, desde la Estaci\u00f3n de Autobuses de Vendrell, ya ha salido el primer bus expres en direcci\u00f3n a Tarragona. Se trata de la primera l\u00ednea de bus express de las comarcas de Tarragona, un servicio de transporte p\u00fablico que conecta la capital de la demarcaci\u00f3n con la capital del Baix Pened\u00e8s en s\u00f3lo 40 minutos de viaje (una reducci\u00f3n de quince minutos respecto al servicio que hace m\u00e1s paradas). <\/p>\n<p>El bus expres tiene dos paradas a Vendrell, a la Estaci\u00f3n de Autobuses y al Monumento de los Castellers, y antes de llegar en Tarragona s\u00f3lo hace una parada en Torredembarra. Supone la incorporaci\u00f3n de catorce nuevas expediciones (siete de ida y siete de vuelta), con una frecuencia cada dos horas y con conexi\u00f3n intermodal con otros medios de transporte. Los buses tienen una imagen diferenciada, incorporan conexi\u00f3n Wi-Fi y habr\u00e1 prensa en papel gratuita. Adem\u00e1s, el servicio incorpora el uso de las nuevas tecnolog\u00edas, como es el hecho que a trav\u00e9s de Internet se podr\u00e1 saber donde es el bus en cada momento. <\/p>\n<p>Seg\u00fan Josep Sivill, de Autocares Pened\u00e8s, &quot;la finalidad de este nuevo servicio es intentar que se sume m\u00e1s gente al uso del transporte p\u00fablico&quot;. En este sentido, hay que tener en cuenta que durante el 2013, en la l\u00ednea de autocares entre El Vendrell y Tarragona, hubo 600.000 usuarios y se prev\u00e9 que esta cifra pueda aumentar un 15% este 2014. Las tarifas son las mismas que las del servicio ordinario. Desde la emprendida operadora tambi\u00e9n se comenta que los horarios podr\u00e1n variar seg\u00fan las necesidades que expresen los usuarios. <\/p>\n<p>El delegado del Gobierno, Quim Nin, acompa\u00f1ado por el director de Territorio y Sostenibilidad en Tarragona, C\u00e8sar Puig, estuvo ayer a Vendrell y destac\u00f3 que &quot;hoy es una fecha hist\u00f3rica en materia de movilidad al Baix Pened\u00e8s por la puesta en funcionamiento del bus expres y del servicio de tren de cercan\u00edas entre l&#8217;Arbo\u00e7 y Cambrils&quot;. <\/p>\n<p>El alcalde de Vendrell, Mart\u00ed Carnicer, tambi\u00e9n puso de relieve que &quot;esta mejora importante en la conexi\u00f3n entre El Vendrell y Tarragona con servicio de transporte p\u00fablico da respuesta a una demanda hecha por los usuarios, hecho que supone una movilidad intercomarcal m\u00e1s \u00e1gil, que se sumar\u00e1 al trabajo que se est\u00e1 haciendo en el Plan de Movilidad para mejorar los desplazamientos de las personas dentro del municipio&quot;. Al acto de presentaci\u00f3n del bus expres a la Estaci\u00f3n de Autobuses de Vendrell tambi\u00e9n estuvo presente la regidora de Movilidad y Transporte, Elisabet Rodr\u00edguez. <\/p>\n<p>Y a este nuevo bus expres se a\u00f1ade la puesta en funcionamiento ayer del servicio de tren de cercan\u00edas del Campo de Tarragona que complementa el abanico de posibilidades de poderse desplazar en transporte p\u00fablico por nuestro territorio.<\/p>\n","protected":false},"excerpt":{"rendered":"<p>Hoy por la ma\u00f1ana, desde la Estaci\u00f3n de Autobuses de Vendrell, ya ha salido el primer bus expres en direcci\u00f3n a Tarragona. Se trata de la primera l\u00ednea de bus express de las comarcas de Tarragona, un servicio de transporte p\u00fablico que conecta la capital de la demarcaci\u00f3n con la capital del Baix Pened\u00e8s en [&hellip;]<\/p>\n","protected":false},"author":1,"featured_media":22764,"comment_status":"open","ping_status":"closed","sticky":false,"template":"","format":"standard","meta":{"_acf_changed":false,"_et_pb_use_builder":"","_et_pb_old_content":"","_et_gb_content_width":"","content-type":"","footnotes":""},"categories":[],"tags":[],"dipi_cpt_category":[],"class_list":["post-24630","post","type-post","status-publish","format-standard","has-post-thumbnail","hentry"],"acf":[],"_links":{"self":[{"href":"https:\/\/www.elvendrellturisme.com\/es\/wp-json\/wp\/v2\/posts\/24630","targetHints":{"allow":["GET"]}}],"collection":[{"href":"https:\/\/www.elvendrellturisme.com\/es\/wp-json\/wp\/v2\/posts"}],"about":[{"href":"https:\/\/www.elvendrellturisme.com\/es\/wp-json\/wp\/v2\/types\/post"}],"author":[{"embeddable":true,"href":"https:\/\/www.elvendrellturisme.com\/es\/wp-json\/wp\/v2\/users\/1"}],"replies":[{"embeddable":true,"href":"https:\/\/www.elvendrellturisme.com\/es\/wp-json\/wp\/v2\/comments?post=24630"}],"version-history":[{"count":0,"href":"https:\/\/www.elvendrellturisme.com\/es\/wp-json\/wp\/v2\/posts\/24630\/revisions"}],"wp:featuredmedia":[{"embeddable":true,"href":"https:\/\/www.elvendrellturisme.com\/es\/wp-json\/wp\/v2\/media\/22764"}],"wp:attachment":[{"href":"https:\/\/www.elvendrellturisme.com\/es\/wp-json\/wp\/v2\/media?parent=24630"}],"wp:term":[{"taxonomy":"category","embeddable":true,"href":"https:\/\/www.elvendrellturisme.com\/es\/wp-json\/wp\/v2\/categories?post=24630"},{"taxonomy":"post_tag","embeddable":true,"href":"https:\/\/www.elvendrellturisme.com\/es\/wp-json\/wp\/v2\/tags?post=24630"},{"taxonomy":"dipi_cpt_category","embeddable":true,"href":"https:\/\/www.elvendrellturisme.com\/es\/wp-json\/wp\/v2\/dipi_cpt_category?post=24630"}],"curies":[{"name":"wp","href":"https:\/\/api.w.org\/{rel}","templated":true}]}}