{"id":24636,"date":"2014-05-28T10:42:58","date_gmt":"2014-05-28T10:42:58","guid":{"rendered":"http:\/\/tv.dms3labs.cat\/se-abre-el-plazo-para-entregar-las-fotos-del-concurso-de-fotografia-del-museo-arqueologico\/"},"modified":"2014-05-28T10:42:58","modified_gmt":"2014-05-28T10:42:58","slug":"se-abre-el-plazo-para-entregar-las-fotos-del-concurso-de-fotografia-del-museo-arqueologico","status":"publish","type":"post","link":"https:\/\/www.elvendrellturisme.com\/es\/se-abre-el-plazo-para-entregar-las-fotos-del-concurso-de-fotografia-del-museo-arqueologico\/","title":{"rendered":"Se abre el plazo para entregar las fotos del Concurso de Fotograf\u00eda del Museo Arqueol\u00f3gico"},"content":{"rendered":"<p>Se abre el plazo hasta las 14h del 19 de septiembre de 2014 para entregar las fotos para el XVI Concurso de Fotograf\u00eda que organiza anualmente el Museo Arqueol\u00f3gico del Vendrell.<\/p>\n<p>Este a\u00f1o se ha escogido el tema Masos y mas\u00edas del Baix Pened\u00e8s. Pueden ser fotograf\u00edas de detalles arquitect\u00f3nicos, rincones especiales, vistas generales, decoraciones, elementos interiores y exteriores &#8230; que formen parte.<\/p>\n<p>Para obtener las bases pueden dirigirse al Patronato Municipal de Servicios Culturales, edificio de la antigua Biblioteca (la Rambla, 24 El Vendrell), enviar un correo electr\u00f3nico (arqueologia@elvendrell.net) o consultar la web del Ayuntamiento, donde tambi\u00e9n podr\u00e9is inscribir.<\/p>\n<p>La entrega de premios se har\u00e1 el viernes 26 de septiembre de 2014, a las 19 h, en el Museo Deu del Vendrell.<br \/>\nFoto: es el primer premio del concurso del a\u00f1o pasado (La sierra Pedregosa 1, de Marta Juli\u00e0 Navarro)<\/p>\n","protected":false},"excerpt":{"rendered":"<p>Se abre el plazo hasta las 14h del 19 de septiembre de 2014 para entregar las fotos para el XVI Concurso de Fotograf\u00eda que organiza anualmente el Museo Arqueol\u00f3gico del Vendrell. Este a\u00f1o se ha escogido el tema Masos y mas\u00edas del Baix Pened\u00e8s. Pueden ser fotograf\u00edas de detalles arquitect\u00f3nicos, rincones especiales, vistas generales, decoraciones, [&hellip;]<\/p>\n","protected":false},"author":1,"featured_media":22776,"comment_status":"open","ping_status":"closed","sticky":false,"template":"","format":"standard","meta":{"_acf_changed":false,"_et_pb_use_builder":"","_et_pb_old_content":"","_et_gb_content_width":"","content-type":"","footnotes":""},"categories":[],"tags":[],"dipi_cpt_category":[],"class_list":["post-24636","post","type-post","status-publish","format-standard","has-post-thumbnail","hentry"],"acf":[],"_links":{"self":[{"href":"https:\/\/www.elvendrellturisme.com\/es\/wp-json\/wp\/v2\/posts\/24636","targetHints":{"allow":["GET"]}}],"collection":[{"href":"https:\/\/www.elvendrellturisme.com\/es\/wp-json\/wp\/v2\/posts"}],"about":[{"href":"https:\/\/www.elvendrellturisme.com\/es\/wp-json\/wp\/v2\/types\/post"}],"author":[{"embeddable":true,"href":"https:\/\/www.elvendrellturisme.com\/es\/wp-json\/wp\/v2\/users\/1"}],"replies":[{"embeddable":true,"href":"https:\/\/www.elvendrellturisme.com\/es\/wp-json\/wp\/v2\/comments?post=24636"}],"version-history":[{"count":0,"href":"https:\/\/www.elvendrellturisme.com\/es\/wp-json\/wp\/v2\/posts\/24636\/revisions"}],"wp:featuredmedia":[{"embeddable":true,"href":"https:\/\/www.elvendrellturisme.com\/es\/wp-json\/wp\/v2\/media\/22776"}],"wp:attachment":[{"href":"https:\/\/www.elvendrellturisme.com\/es\/wp-json\/wp\/v2\/media?parent=24636"}],"wp:term":[{"taxonomy":"category","embeddable":true,"href":"https:\/\/www.elvendrellturisme.com\/es\/wp-json\/wp\/v2\/categories?post=24636"},{"taxonomy":"post_tag","embeddable":true,"href":"https:\/\/www.elvendrellturisme.com\/es\/wp-json\/wp\/v2\/tags?post=24636"},{"taxonomy":"dipi_cpt_category","embeddable":true,"href":"https:\/\/www.elvendrellturisme.com\/es\/wp-json\/wp\/v2\/dipi_cpt_category?post=24636"}],"curies":[{"name":"wp","href":"https:\/\/api.w.org\/{rel}","templated":true}]}}