{"id":24639,"date":"2014-06-27T12:55:47","date_gmt":"2014-06-27T12:55:47","guid":{"rendered":"http:\/\/tv.dms3labs.cat\/la-feria-turismar-da-paso-a-una-temporada-de-verano-con-buenas-perspectivas-turisticas\/"},"modified":"2014-06-27T12:55:47","modified_gmt":"2014-06-27T12:55:47","slug":"la-feria-turismar-da-paso-a-una-temporada-de-verano-con-buenas-perspectivas-turisticas","status":"publish","type":"post","link":"https:\/\/www.elvendrellturisme.com\/es\/la-feria-turismar-da-paso-a-una-temporada-de-verano-con-buenas-perspectivas-turisticas\/","title":{"rendered":"La Feria Turismar da paso a una temporada de verano con buenas perspectivas tur\u00edsticas"},"content":{"rendered":"<p>Del 20 al 24 de junio, Comarruga ha sido el escenario de la 28 \u00aa edici\u00f3n de la feria Turismar, un certamen multisectorial consolidado y que ha contado con una afluencia notable de p\u00fablico, a excepci\u00f3n de las horas de lluvia del martes. Un a\u00f1o m\u00e1s, la feria ha servido para dar el pistoletazo de salida simb\u00f3lico a la temporada de verano en El Vendrell y sus playas.<\/p>\n<p>La plaza Hermanos Trillas ha sido un escaparate para la sesenta stands multisectoriales que han estado presentes. Una de las novedades de este a\u00f1o ha sido la Muestra de Cerveza Artesana Catalana, con una representaci\u00f3n de ocho marcas, una propuesta que, en palabras de la concejala de Turismo, \u00c1ngeles Turdiu, &quot;aunque se plante\u00f3 como un nuevo atractivo para los visitantes, quiz\u00e1s no ha acabado de funcionar del todo en este entorno. habr\u00e1 que valorar de cara a pr\u00f3ximas ediciones, ya que la Muestra de Cava estaba muy consolidada y ten\u00eda un p\u00fablico fiel &quot;.<\/p>\n<p>La feria Turismar se inaugur\u00f3 el pasado viernes 20 de junio por la tarde con un acto presidido por Mart\u00ed Carnicer, alcalde del Vendrell, al que tambi\u00e9n asistieron varios concejales del consistorio; la senadora Mar\u00eda Jes\u00fas Sequera, y el presidente del Consejo Comarcal del Baix Pened\u00e8s, Joan Olivella. Tras los parlamentos, en la playa de Coma-ruga, se izaron la bandera azul, que este a\u00f1o ha sido otorgada a las tres playas vendrellenques, y la bandera ISO. El alcalde destac\u00f3 como la recuperaci\u00f3n de la Bandera Azul de la playa de Sant Salvador y la ISO integrada 9001 a 14.001 son una muestra de la calidad de todas las playas de El Vendrell y el compromiso del municipio respecto del medio ambiente.<\/p>\n<p>Seg\u00fan el Patronato Municipal de Promoci\u00f3n Econ\u00f3mica, el Turismar de este a\u00f1o ha destacado tambi\u00e9n por el programa de actividades paralelas, entre las que cabe destacar el castillo de fuegos de la Verbena de San Juan, que, por tercer a\u00f1o consecutivo, se llevar a cabo gracias a la aportaci\u00f3n econ\u00f3mica de los comerciantes de las playas.<\/p>\n<p>La concejala de Turismo y Playas, \u00c1ngeles Turdiu, ha valorado positivamente la animaci\u00f3n de estos d\u00edas y tambi\u00e9n el arranque de la temporada tur\u00edstica. Estos d\u00edas del puente de San Juan, los hoteles han tenido una media del 92% de ocupaci\u00f3n, los campings un 83% y el hoteles rurales han estado al 100%. Tambi\u00e9n los comercios de las playas han recibido muchos clientes.<\/p>\n<p>El Turismar ha servido tambi\u00e9n al Patronato Municipal de Turismo para presentar la oferta de atractivos tur\u00edsticos y de actividades para este verano, en un stand que presentaba informaci\u00f3n, como la Ludoteca en la zona del Riuet, la gimnasia en la playa y el Aula Acu\u00e1tica y el snorkel en la Reserva Marina de Mas\u00eda Blanca.<\/p>\n","protected":false},"excerpt":{"rendered":"<p>Del 20 al 24 de junio, Comarruga ha sido el escenario de la 28 \u00aa edici\u00f3n de la feria Turismar, un certamen multisectorial consolidado y que ha contado con una afluencia notable de p\u00fablico, a excepci\u00f3n de las horas de lluvia del martes. Un a\u00f1o m\u00e1s, la feria ha servido para dar el pistoletazo de [&hellip;]<\/p>\n","protected":false},"author":1,"featured_media":22782,"comment_status":"open","ping_status":"closed","sticky":false,"template":"","format":"standard","meta":{"_acf_changed":false,"_et_pb_use_builder":"","_et_pb_old_content":"","_et_gb_content_width":"","content-type":"","footnotes":""},"categories":[],"tags":[],"dipi_cpt_category":[],"class_list":["post-24639","post","type-post","status-publish","format-standard","has-post-thumbnail","hentry"],"acf":[],"_links":{"self":[{"href":"https:\/\/www.elvendrellturisme.com\/es\/wp-json\/wp\/v2\/posts\/24639","targetHints":{"allow":["GET"]}}],"collection":[{"href":"https:\/\/www.elvendrellturisme.com\/es\/wp-json\/wp\/v2\/posts"}],"about":[{"href":"https:\/\/www.elvendrellturisme.com\/es\/wp-json\/wp\/v2\/types\/post"}],"author":[{"embeddable":true,"href":"https:\/\/www.elvendrellturisme.com\/es\/wp-json\/wp\/v2\/users\/1"}],"replies":[{"embeddable":true,"href":"https:\/\/www.elvendrellturisme.com\/es\/wp-json\/wp\/v2\/comments?post=24639"}],"version-history":[{"count":0,"href":"https:\/\/www.elvendrellturisme.com\/es\/wp-json\/wp\/v2\/posts\/24639\/revisions"}],"wp:featuredmedia":[{"embeddable":true,"href":"https:\/\/www.elvendrellturisme.com\/es\/wp-json\/wp\/v2\/media\/22782"}],"wp:attachment":[{"href":"https:\/\/www.elvendrellturisme.com\/es\/wp-json\/wp\/v2\/media?parent=24639"}],"wp:term":[{"taxonomy":"category","embeddable":true,"href":"https:\/\/www.elvendrellturisme.com\/es\/wp-json\/wp\/v2\/categories?post=24639"},{"taxonomy":"post_tag","embeddable":true,"href":"https:\/\/www.elvendrellturisme.com\/es\/wp-json\/wp\/v2\/tags?post=24639"},{"taxonomy":"dipi_cpt_category","embeddable":true,"href":"https:\/\/www.elvendrellturisme.com\/es\/wp-json\/wp\/v2\/dipi_cpt_category?post=24639"}],"curies":[{"name":"wp","href":"https:\/\/api.w.org\/{rel}","templated":true}]}}