{"id":24649,"date":"2014-09-10T11:13:19","date_gmt":"2014-09-10T11:13:19","guid":{"rendered":"http:\/\/tv.dms3labs.cat\/exito-de-la-ruta-patrimonial-sal-del-mar\/"},"modified":"2014-09-10T11:13:19","modified_gmt":"2014-09-10T11:13:19","slug":"exito-de-la-ruta-patrimonial-sal-del-mar","status":"publish","type":"post","link":"https:\/\/www.elvendrellturisme.com\/es\/exito-de-la-ruta-patrimonial-sal-del-mar\/","title":{"rendered":"\u00c9xito de la Ruta patrimonial &quot;Sal del mar&quot;"},"content":{"rendered":"<p>A lo largo de los meses de julio y agosto han participado en la ruta patrimonial que organiza el Museo Deu del Vendrell, &quot;Sal del Mar&quot;, un total de 256 personas. Este centro cultural de referencia cuenta con la colaboraci\u00f3n del Patronato Municipal de Turismo del Ayuntamiento de El Vendrell y tambi\u00e9n de empresas privadas, como Autocares del Pened\u00e9s, dulce Soler y Bodega La Vi\u00f1a, sin las cuales el proyecto no ser\u00eda posible ; as\u00ed pues, se trata de una tarea en equipo que tiene como finalidad la defensa y el enriquecimiento de la identidad territorial.<\/p>\n<p> Las rutas patrimoniales permiten la comprensi\u00f3n de los elementos patrimoniales en su contexto. La creaci\u00f3n de rutas y circuitos supone un avance del tratamiento y la comprensi\u00f3n integrales de los elementos patrimoniales y bienes culturales. Con estas pr\u00e1cticas, se cambian las visiones pasivas y aisladas de estos elementos, transform\u00e1ndolos en recursos patrimoniales y aportando tambi\u00e9n una visi\u00f3n m\u00e1s din\u00e1mica del patrimonio cultural.<\/p>\n<p>En total, han sido diez sesiones, de las que han podido disfrutar 256 participantes (85 proven\u00edan de Catalu\u00f1a y 171 de Espa\u00f1a), turistas establecidos en hoteles de la zona. Mayoritariamente eran personas que ten\u00edan la segunda residencia en nuestra poblaci\u00f3n, entre las que casi un 20% eran ni\u00f1os.<\/p>\n","protected":false},"excerpt":{"rendered":"<p>A lo largo de los meses de julio y agosto han participado en la ruta patrimonial que organiza el Museo Deu del Vendrell, &quot;Sal del Mar&quot;, un total de 256 personas. Este centro cultural de referencia cuenta con la colaboraci\u00f3n del Patronato Municipal de Turismo del Ayuntamiento de El Vendrell y tambi\u00e9n de empresas privadas, [&hellip;]<\/p>\n","protected":false},"author":1,"featured_media":22802,"comment_status":"open","ping_status":"closed","sticky":false,"template":"","format":"standard","meta":{"_acf_changed":false,"_et_pb_use_builder":"","_et_pb_old_content":"","_et_gb_content_width":"","content-type":"","footnotes":""},"categories":[],"tags":[],"dipi_cpt_category":[],"class_list":["post-24649","post","type-post","status-publish","format-standard","has-post-thumbnail","hentry"],"acf":[],"_links":{"self":[{"href":"https:\/\/www.elvendrellturisme.com\/es\/wp-json\/wp\/v2\/posts\/24649","targetHints":{"allow":["GET"]}}],"collection":[{"href":"https:\/\/www.elvendrellturisme.com\/es\/wp-json\/wp\/v2\/posts"}],"about":[{"href":"https:\/\/www.elvendrellturisme.com\/es\/wp-json\/wp\/v2\/types\/post"}],"author":[{"embeddable":true,"href":"https:\/\/www.elvendrellturisme.com\/es\/wp-json\/wp\/v2\/users\/1"}],"replies":[{"embeddable":true,"href":"https:\/\/www.elvendrellturisme.com\/es\/wp-json\/wp\/v2\/comments?post=24649"}],"version-history":[{"count":0,"href":"https:\/\/www.elvendrellturisme.com\/es\/wp-json\/wp\/v2\/posts\/24649\/revisions"}],"wp:featuredmedia":[{"embeddable":true,"href":"https:\/\/www.elvendrellturisme.com\/es\/wp-json\/wp\/v2\/media\/22802"}],"wp:attachment":[{"href":"https:\/\/www.elvendrellturisme.com\/es\/wp-json\/wp\/v2\/media?parent=24649"}],"wp:term":[{"taxonomy":"category","embeddable":true,"href":"https:\/\/www.elvendrellturisme.com\/es\/wp-json\/wp\/v2\/categories?post=24649"},{"taxonomy":"post_tag","embeddable":true,"href":"https:\/\/www.elvendrellturisme.com\/es\/wp-json\/wp\/v2\/tags?post=24649"},{"taxonomy":"dipi_cpt_category","embeddable":true,"href":"https:\/\/www.elvendrellturisme.com\/es\/wp-json\/wp\/v2\/dipi_cpt_category?post=24649"}],"curies":[{"name":"wp","href":"https:\/\/api.w.org\/{rel}","templated":true}]}}