{"id":24654,"date":"2014-10-24T12:12:45","date_gmt":"2014-10-24T12:12:45","guid":{"rendered":"http:\/\/tv.dms3labs.cat\/el-vendrell-se-promociona-como-destino-turistico-senior-europea\/"},"modified":"2014-10-24T12:12:45","modified_gmt":"2014-10-24T12:12:45","slug":"el-vendrell-se-promociona-como-destino-turistico-senior-europea","status":"publish","type":"post","link":"https:\/\/www.elvendrellturisme.com\/es\/el-vendrell-se-promociona-como-destino-turistico-senior-europea\/","title":{"rendered":"El Vendrell se promociona como destino tur\u00edstico senior europea"},"content":{"rendered":"<p>El pasado mes de julio SEGITTUR, ente del Ministerio de Industria, Energ\u00eda y Turismo, homolog\u00f3 el Vendrell como uno de los destinos del programa Senior Tourism Destination 2014. Este programa va destinado a ciudadanos europeos mayores de 55 a\u00f1os para poder hacer unos d\u00edas de vacaciones en Espa\u00f1a durante la temporada baja. Este proyecto se enmarca en la iniciativa de la Comisi\u00f3n Europea &quot;Senior Tourism&quot;, que tiene como objetivo alargar y desestacionalizar las temporadas tur\u00edsticas y, al mismo tiempo, mejorar la calidad de vida de las personas mayores.<\/p>\n<p>El pasado 22 de octubre, la concejala de Turismo y Playas, \u00c1ngeles Turdiu, se desplaz\u00f3 a Madrid para reunirse con las empresas operadoras tur\u00edsticas que han sido escogidas para comercializar los destinos homologadas. A trav\u00e9s de estas empresas, el Vendrell se comercializar\u00e1 en diecisiete pa\u00edses de la Uni\u00f3n Europea: Polonia, Rep\u00fablica Checa, Eslovaquia, Ruman\u00eda, Bulgaria, Finlandia, Francia, Reino Unido, Suecia, Italia, Grecia, Austria, Irlanda, Portugal, Lituania , Hungr\u00eda y Alemania.<\/p>\n<p>El turismo senior en Europa tiene un gran potencial de crecimiento si se tiene en cuenta que el 25% de la poblaci\u00f3n tiene m\u00e1s de 55 a\u00f1os y que, de los 128 millones de ciudadanos que forman parte de este colectivo, s\u00f3lo viajan un 40 %. Como dijo la secretaria de Estado de Turismo, Isabel Borrego, en la clausura del acto de presentaci\u00f3n de la nueva edici\u00f3n de este programa de vacaciones, &quot;es un nicho que debemos explotar&quot;.<\/p>\n<p>En este sentido, \u00c1ngeles Turdiu ha dicho que &quot;esta homologaci\u00f3n como destino tur\u00edstico senior europea nos ayudar\u00e1 a garantizar el empleo en establecimientos tur\u00edsticos del municipio para que se puedan mantener abiertos fuera de la temporada de verano&quot;.<\/p>\n","protected":false},"excerpt":{"rendered":"<p>El pasado mes de julio SEGITTUR, ente del Ministerio de Industria, Energ\u00eda y Turismo, homolog\u00f3 el Vendrell como uno de los destinos del programa Senior Tourism Destination 2014. Este programa va destinado a ciudadanos europeos mayores de 55 a\u00f1os para poder hacer unos d\u00edas de vacaciones en Espa\u00f1a durante la temporada baja. Este proyecto se [&hellip;]<\/p>\n","protected":false},"author":1,"featured_media":22812,"comment_status":"open","ping_status":"closed","sticky":false,"template":"","format":"standard","meta":{"_acf_changed":false,"_et_pb_use_builder":"","_et_pb_old_content":"","_et_gb_content_width":"","content-type":"","footnotes":""},"categories":[],"tags":[],"dipi_cpt_category":[],"class_list":["post-24654","post","type-post","status-publish","format-standard","has-post-thumbnail","hentry"],"acf":[],"_links":{"self":[{"href":"https:\/\/www.elvendrellturisme.com\/es\/wp-json\/wp\/v2\/posts\/24654","targetHints":{"allow":["GET"]}}],"collection":[{"href":"https:\/\/www.elvendrellturisme.com\/es\/wp-json\/wp\/v2\/posts"}],"about":[{"href":"https:\/\/www.elvendrellturisme.com\/es\/wp-json\/wp\/v2\/types\/post"}],"author":[{"embeddable":true,"href":"https:\/\/www.elvendrellturisme.com\/es\/wp-json\/wp\/v2\/users\/1"}],"replies":[{"embeddable":true,"href":"https:\/\/www.elvendrellturisme.com\/es\/wp-json\/wp\/v2\/comments?post=24654"}],"version-history":[{"count":0,"href":"https:\/\/www.elvendrellturisme.com\/es\/wp-json\/wp\/v2\/posts\/24654\/revisions"}],"wp:featuredmedia":[{"embeddable":true,"href":"https:\/\/www.elvendrellturisme.com\/es\/wp-json\/wp\/v2\/media\/22812"}],"wp:attachment":[{"href":"https:\/\/www.elvendrellturisme.com\/es\/wp-json\/wp\/v2\/media?parent=24654"}],"wp:term":[{"taxonomy":"category","embeddable":true,"href":"https:\/\/www.elvendrellturisme.com\/es\/wp-json\/wp\/v2\/categories?post=24654"},{"taxonomy":"post_tag","embeddable":true,"href":"https:\/\/www.elvendrellturisme.com\/es\/wp-json\/wp\/v2\/tags?post=24654"},{"taxonomy":"dipi_cpt_category","embeddable":true,"href":"https:\/\/www.elvendrellturisme.com\/es\/wp-json\/wp\/v2\/dipi_cpt_category?post=24654"}],"curies":[{"name":"wp","href":"https:\/\/api.w.org\/{rel}","templated":true}]}}