{"id":24665,"date":"2015-02-12T11:18:21","date_gmt":"2015-02-12T11:18:21","guid":{"rendered":"http:\/\/tv.dms3labs.cat\/el-ciclo-de-jazz-2015-del-auditorio-pau-casals-une-la-musica-con-otras-artes\/"},"modified":"2015-02-12T11:18:21","modified_gmt":"2015-02-12T11:18:21","slug":"el-ciclo-de-jazz-2015-del-auditorio-pau-casals-une-la-musica-con-otras-artes","status":"publish","type":"post","link":"https:\/\/www.elvendrellturisme.com\/es\/el-ciclo-de-jazz-2015-del-auditorio-pau-casals-une-la-musica-con-otras-artes\/","title":{"rendered":"El Ciclo de Jazz 2015 del Auditorio Pau Casals une la m\u00fasica con otras artes"},"content":{"rendered":"<p>Esta semana se ha presentado el Ciclo de Jazz en el Auditorio, que mantiene el objetivo establecido desde hace quince a\u00f1os de hacer una programaci\u00f3n de calidad con artistas del mundo del jazz de primera l\u00ednea, ya sea del panorama jazz\u00edstico internacional o del pa\u00eds. Este a\u00f1o, los organizadores quieren hablar de proyectos m\u00e1s que de conciertos. En este sentido, Oriol Toldr\u00e0, t\u00e9cnico del Auditorio Pau Casals, explic\u00f3 que \u00abel ciclo de jazz es un conjunto de actuaciones que tienen un trasfondo m\u00e1s completo, ya que algunas son el fruto de grabaciones en el Auditori, de otros son colaboraciones con la Escuela Municipal de Arte Apel\u00b7les Fenosa, etc. \u00bb.<\/p>\n<p>Como ejemplo de proyecto, el concierto del s\u00e1bado 14 de marzo de Ignasi Terraza Trio, que tendr\u00e1 lugar a las 22 h, tiene el t\u00edtulo de Imaginando Mir\u00f3 y est\u00e1 relacionado con unos murales y pinturas que han hecho alumnos de la Escuela municipal de Arte Apel\u00b7les Fenosa y que se pudieron ver en el acto de presentaci\u00f3n en la Biblioteca P\u00fablica Tierra Baja. En este caso, por tanto, se unen la m\u00fasica, la pintura y la literatura.<\/p>\n<p>En la presentaci\u00f3n tambi\u00e9n estaban presentes Vicens Mart\u00edn y Gemma Abri\u00e9, el director y la cantante de la Vicens Mart\u00edn Dream Big Band, que el s\u00e1bado 4 de abril, tambi\u00e9n a las 22 h, ofrecer\u00e1n el concierto Los frutos sabrosos, sobre textos de Josep Carner. El concejal de Cultura, Albert Sol\u00e9, ha destacado este concierto \u00abpor la apuesta que se hace para recuperar la voz de uno de nuestros poetas\u00bb. Vicens Mart\u00edn, por su parte, agradeci\u00f3 la valent\u00eda y la temeridad de municipios que, como el Vendrell, programan un ciclo de jazz.<\/p>\n<p>En cuanto a los otros conciertos del ciclo en el Auditorio, ser\u00e1n a las 22 hy se iniciar\u00e1n el s\u00e1bado 7 de marzo con Joan Chamorro, que presentar\u00e1 La magia de la voz; el s\u00e1bado 21 de marzo, el Tr\u00edo Delight presentar\u00e1 un CD; el s\u00e1bado 28 de marzo, la pianista Elisabet Raspall y el guitarrista Dani P\u00e9rez presentar\u00e1n el disco Presente; el s\u00e1bado 11 de abril ser\u00e1 el turno de la Big Band de la Escuela M\u00fasicos con el guitarrista Vicen\u00e7 Solsona, y el s\u00e1bado 18 de abril actuar\u00e1n Jerry Bergonzi y Perico Sambeat.<\/p>\n<p>Por otra parte, el Ciclo de Jazz, como se ha hecho en los \u00faltimos a\u00f1os, tambi\u00e9n sale de las paredes del Auditorio Pau Casals para ir al centro de El Vendrell. El viernes 17 de abril, a las 21 h, en la iglesia parroquial, tendr\u00e1 lugar un concierto de \u00f3rgano y saxo a cargo de Ignasi Terraza y Pierrick Pedron; el viernes 6 de marzo, a las 20.30 h, en la Escuela M\u00fasicos, actuar\u00e1n Fleurs de Florine Jazz Manouche; el viernes 13 de marzo, a las 20.30 h, en la Biblioteca P\u00fablica Tierra Baja, el saxo Xavier Pi\u00e9 y el guitarra Macc presentar\u00e1n el disco Rutas, y el viernes 20 de marzo, a las 20:30 h, en el Museo Deu, tambi\u00e9n habr\u00e1 una presentaci\u00f3n de CD, en este caso, del grupo Xavi D\u00edaz Quartet.<\/p>\n<p>Aparte de los conciertos, el s\u00e1bado 25 de abril, a las 16 h, en la Escuela M\u00fasicos, se har\u00e1 un taller de gospel a cargo de Ramon Escal\u00e9, y durante todo el ciclo el vest\u00edbulo del Auditorio Pau Casals acoger\u00e1 una exposici\u00f3n de revistas QuarTIC Jazz.<\/p>\n<p>Para m\u00e1s informaci\u00f3n y compra de entradas para los conciertos del Ciclo de Jazz, consulte el sitio web www.auditoripaucasals.cat.<\/p>\n","protected":false},"excerpt":{"rendered":"<p>Esta semana se ha presentado el Ciclo de Jazz en el Auditorio, que mantiene el objetivo establecido desde hace quince a\u00f1os de hacer una programaci\u00f3n de calidad con artistas del mundo del jazz de primera l\u00ednea, ya sea del panorama jazz\u00edstico internacional o del pa\u00eds. Este a\u00f1o, los organizadores quieren hablar de proyectos m\u00e1s que [&hellip;]<\/p>\n","protected":false},"author":1,"featured_media":22833,"comment_status":"open","ping_status":"closed","sticky":false,"template":"","format":"standard","meta":{"_acf_changed":false,"_et_pb_use_builder":"","_et_pb_old_content":"","_et_gb_content_width":"","content-type":"","footnotes":""},"categories":[],"tags":[],"dipi_cpt_category":[],"class_list":["post-24665","post","type-post","status-publish","format-standard","has-post-thumbnail","hentry"],"acf":[],"_links":{"self":[{"href":"https:\/\/www.elvendrellturisme.com\/es\/wp-json\/wp\/v2\/posts\/24665","targetHints":{"allow":["GET"]}}],"collection":[{"href":"https:\/\/www.elvendrellturisme.com\/es\/wp-json\/wp\/v2\/posts"}],"about":[{"href":"https:\/\/www.elvendrellturisme.com\/es\/wp-json\/wp\/v2\/types\/post"}],"author":[{"embeddable":true,"href":"https:\/\/www.elvendrellturisme.com\/es\/wp-json\/wp\/v2\/users\/1"}],"replies":[{"embeddable":true,"href":"https:\/\/www.elvendrellturisme.com\/es\/wp-json\/wp\/v2\/comments?post=24665"}],"version-history":[{"count":0,"href":"https:\/\/www.elvendrellturisme.com\/es\/wp-json\/wp\/v2\/posts\/24665\/revisions"}],"wp:featuredmedia":[{"embeddable":true,"href":"https:\/\/www.elvendrellturisme.com\/es\/wp-json\/wp\/v2\/media\/22833"}],"wp:attachment":[{"href":"https:\/\/www.elvendrellturisme.com\/es\/wp-json\/wp\/v2\/media?parent=24665"}],"wp:term":[{"taxonomy":"category","embeddable":true,"href":"https:\/\/www.elvendrellturisme.com\/es\/wp-json\/wp\/v2\/categories?post=24665"},{"taxonomy":"post_tag","embeddable":true,"href":"https:\/\/www.elvendrellturisme.com\/es\/wp-json\/wp\/v2\/tags?post=24665"},{"taxonomy":"dipi_cpt_category","embeddable":true,"href":"https:\/\/www.elvendrellturisme.com\/es\/wp-json\/wp\/v2\/dipi_cpt_category?post=24665"}],"curies":[{"name":"wp","href":"https:\/\/api.w.org\/{rel}","templated":true}]}}