{"id":24666,"date":"2015-02-17T09:58:29","date_gmt":"2015-02-17T09:58:29","guid":{"rendered":"http:\/\/tv.dms3labs.cat\/el-news-turistico-mas-al-alcance\/"},"modified":"2015-02-17T09:58:29","modified_gmt":"2015-02-17T09:58:29","slug":"el-news-turistico-mas-al-alcance","status":"publish","type":"post","link":"https:\/\/www.elvendrellturisme.com\/es\/el-news-turistico-mas-al-alcance\/","title":{"rendered":"El &quot;News Tur\u00edstico&quot;, m\u00e1s al alcance"},"content":{"rendered":"<p>Desde junio de 2009, en el portal de Internet del Patronato Municipal de Turismo del Vendrell se puede leer el News Tur\u00edstico, un bolet\u00edn informativo en formato electr\u00f3nico que recoge las novedades, las actividades y las informaciones tur\u00edsticas de cada momento.<\/p>\n<p>A partir de ahora, las personas que quieran recibir personalmente el bolet\u00edn pueden suscribirse en el mismo web www.elvendrellturistic.com facilitando el nombre y una direcci\u00f3n de correo electr\u00f3nico.<\/p>\n","protected":false},"excerpt":{"rendered":"<p>Desde junio de 2009, en el portal de Internet del Patronato Municipal de Turismo del Vendrell se puede leer el News Tur\u00edstico, un bolet\u00edn informativo en formato electr\u00f3nico que recoge las novedades, las actividades y las informaciones tur\u00edsticas de cada momento. A partir de ahora, las personas que quieran recibir personalmente el bolet\u00edn pueden suscribirse [&hellip;]<\/p>\n","protected":false},"author":1,"featured_media":22835,"comment_status":"open","ping_status":"closed","sticky":false,"template":"","format":"standard","meta":{"_acf_changed":false,"_et_pb_use_builder":"","_et_pb_old_content":"","_et_gb_content_width":"","content-type":"","footnotes":""},"categories":[],"tags":[],"dipi_cpt_category":[],"class_list":["post-24666","post","type-post","status-publish","format-standard","has-post-thumbnail","hentry"],"acf":[],"_links":{"self":[{"href":"https:\/\/www.elvendrellturisme.com\/es\/wp-json\/wp\/v2\/posts\/24666","targetHints":{"allow":["GET"]}}],"collection":[{"href":"https:\/\/www.elvendrellturisme.com\/es\/wp-json\/wp\/v2\/posts"}],"about":[{"href":"https:\/\/www.elvendrellturisme.com\/es\/wp-json\/wp\/v2\/types\/post"}],"author":[{"embeddable":true,"href":"https:\/\/www.elvendrellturisme.com\/es\/wp-json\/wp\/v2\/users\/1"}],"replies":[{"embeddable":true,"href":"https:\/\/www.elvendrellturisme.com\/es\/wp-json\/wp\/v2\/comments?post=24666"}],"version-history":[{"count":0,"href":"https:\/\/www.elvendrellturisme.com\/es\/wp-json\/wp\/v2\/posts\/24666\/revisions"}],"wp:featuredmedia":[{"embeddable":true,"href":"https:\/\/www.elvendrellturisme.com\/es\/wp-json\/wp\/v2\/media\/22835"}],"wp:attachment":[{"href":"https:\/\/www.elvendrellturisme.com\/es\/wp-json\/wp\/v2\/media?parent=24666"}],"wp:term":[{"taxonomy":"category","embeddable":true,"href":"https:\/\/www.elvendrellturisme.com\/es\/wp-json\/wp\/v2\/categories?post=24666"},{"taxonomy":"post_tag","embeddable":true,"href":"https:\/\/www.elvendrellturisme.com\/es\/wp-json\/wp\/v2\/tags?post=24666"},{"taxonomy":"dipi_cpt_category","embeddable":true,"href":"https:\/\/www.elvendrellturisme.com\/es\/wp-json\/wp\/v2\/dipi_cpt_category?post=24666"}],"curies":[{"name":"wp","href":"https:\/\/api.w.org\/{rel}","templated":true}]}}