{"id":24667,"date":"2015-02-25T10:56:51","date_gmt":"2015-02-25T10:56:51","guid":{"rendered":"http:\/\/tv.dms3labs.cat\/el-xato-del-vendrell-se-promociona-en-vilafranca-del-penedes\/"},"modified":"2015-02-25T10:56:51","modified_gmt":"2015-02-25T10:56:51","slug":"el-xato-del-vendrell-se-promociona-en-vilafranca-del-penedes","status":"publish","type":"post","link":"https:\/\/www.elvendrellturisme.com\/es\/el-xato-del-vendrell-se-promociona-en-vilafranca-del-penedes\/","title":{"rendered":"El xat\u00f3 del Vendrell se promociona en Vilafranca del Pened\u00e8s"},"content":{"rendered":"<p>El domingo 22 de febrero, por la ma\u00f1ana, el Patronato Municipal de Turismo volvi\u00f3 a participar en La Fiesta del Xat\u00f3 de Vilafranca con un stand en el que se repartieron alrededor de 600 raciones de xat\u00f3.<\/p>\n<p>Adem\u00e1s, un miembro del Patronato colabor\u00f3 como jurado en el concurso de elaboraci\u00f3n de la salsa de xat\u00f3 de Vilafranca para adultos.<\/p>\n","protected":false},"excerpt":{"rendered":"<p>El domingo 22 de febrero, por la ma\u00f1ana, el Patronato Municipal de Turismo volvi\u00f3 a participar en La Fiesta del Xat\u00f3 de Vilafranca con un stand en el que se repartieron alrededor de 600 raciones de xat\u00f3. Adem\u00e1s, un miembro del Patronato colabor\u00f3 como jurado en el concurso de elaboraci\u00f3n de la salsa de xat\u00f3 [&hellip;]<\/p>\n","protected":false},"author":1,"featured_media":22837,"comment_status":"open","ping_status":"closed","sticky":false,"template":"","format":"standard","meta":{"_acf_changed":false,"_et_pb_use_builder":"","_et_pb_old_content":"","_et_gb_content_width":"","content-type":"","footnotes":""},"categories":[],"tags":[],"dipi_cpt_category":[],"class_list":["post-24667","post","type-post","status-publish","format-standard","has-post-thumbnail","hentry"],"acf":[],"_links":{"self":[{"href":"https:\/\/www.elvendrellturisme.com\/es\/wp-json\/wp\/v2\/posts\/24667","targetHints":{"allow":["GET"]}}],"collection":[{"href":"https:\/\/www.elvendrellturisme.com\/es\/wp-json\/wp\/v2\/posts"}],"about":[{"href":"https:\/\/www.elvendrellturisme.com\/es\/wp-json\/wp\/v2\/types\/post"}],"author":[{"embeddable":true,"href":"https:\/\/www.elvendrellturisme.com\/es\/wp-json\/wp\/v2\/users\/1"}],"replies":[{"embeddable":true,"href":"https:\/\/www.elvendrellturisme.com\/es\/wp-json\/wp\/v2\/comments?post=24667"}],"version-history":[{"count":0,"href":"https:\/\/www.elvendrellturisme.com\/es\/wp-json\/wp\/v2\/posts\/24667\/revisions"}],"wp:featuredmedia":[{"embeddable":true,"href":"https:\/\/www.elvendrellturisme.com\/es\/wp-json\/wp\/v2\/media\/22837"}],"wp:attachment":[{"href":"https:\/\/www.elvendrellturisme.com\/es\/wp-json\/wp\/v2\/media?parent=24667"}],"wp:term":[{"taxonomy":"category","embeddable":true,"href":"https:\/\/www.elvendrellturisme.com\/es\/wp-json\/wp\/v2\/categories?post=24667"},{"taxonomy":"post_tag","embeddable":true,"href":"https:\/\/www.elvendrellturisme.com\/es\/wp-json\/wp\/v2\/tags?post=24667"},{"taxonomy":"dipi_cpt_category","embeddable":true,"href":"https:\/\/www.elvendrellturisme.com\/es\/wp-json\/wp\/v2\/dipi_cpt_category?post=24667"}],"curies":[{"name":"wp","href":"https:\/\/api.w.org\/{rel}","templated":true}]}}