{"id":24668,"date":"2015-03-03T09:52:20","date_gmt":"2015-03-03T09:52:20","guid":{"rendered":"http:\/\/tv.dms3labs.cat\/se-inicia-la-temporada-de-marcha-nordica-2015-en-el-vendrell\/"},"modified":"2015-03-03T09:52:20","modified_gmt":"2015-03-03T09:52:20","slug":"se-inicia-la-temporada-de-marcha-nordica-2015-en-el-vendrell","status":"publish","type":"post","link":"https:\/\/www.elvendrellturisme.com\/es\/se-inicia-la-temporada-de-marcha-nordica-2015-en-el-vendrell\/","title":{"rendered":"Se inicia la temporada de marcha n\u00f3rdica 2015 en el Vendrell"},"content":{"rendered":"<p>El s\u00e1bado 28 de marzo el Patronato Municipal de Turismo del Vendrell iniciar\u00e1 la temporada de marcha n\u00f3rdica 2015, que durar\u00e1 hasta octubre.<br \/>\nLas salidas programadas para esta temporada 2015 son: 28 de marzo; 4 y 18 (Ruta Especial) de Abril; 2 y 23 (Mitin) de mayo; 6 y 20 (Ruta especia) de junio; 1, 4, 8, 11 (nocturna), 15, 18 (Ruta Especial), 22, 25 y 29 de julio; 1, 5, 8 (nocturna), 12, 15 (Ruta especial), 19, 22 (nocturna), 26 y 29 de agosto; 2 y 5 de septiembre; 3 (Ruta especial) y 24 de octubre.<\/p>\n<p>La marcha n\u00f3rdica es una actividad f\u00edsica aer\u00f3bica muy agradable y f\u00e1cil de practicar que incorpora unos bastones similares a los utilizados en el esqu\u00ed de fondo. La marcha n\u00f3rdica es mucho m\u00e1s efectiva que andar: act\u00faa de forma suave, pero eficaz, mejora la fuerza muscular y tonifica los m\u00fasculos; adem\u00e1s, activa el<br \/>\nsistema cardiovascular y repercute de forma directa en la coordinaci\u00f3n y la movilidad.<\/p>\n<p>Como novedades, cabe destacar nuevas Rutas Especial y una divertida competici\u00f3n popular de marcha n\u00f3rdica con motivo del Nordic Walking Meeting de este a\u00f1o.<\/p>\n<p>Ya se pueden pasar a renovar las tarjetas por la oficina de Turismo y este a\u00f1o ser\u00e1 obligatorio hacer la reserva anticipada en la Oficina Municipal de Turismo del Vendrell (Av. Brisamar, 1, de Coma-ruga).<\/p>\n<p>Puede consultar los d\u00edas de salida y los precios en la web del Patronato Municipal de Turismo www.elvendrellturistic.com, o bien llamar al tel\u00e9fono 977 68 00 10.<\/p>\n","protected":false},"excerpt":{"rendered":"<p>El s\u00e1bado 28 de marzo el Patronato Municipal de Turismo del Vendrell iniciar\u00e1 la temporada de marcha n\u00f3rdica 2015, que durar\u00e1 hasta octubre. Las salidas programadas para esta temporada 2015 son: 28 de marzo; 4 y 18 (Ruta Especial) de Abril; 2 y 23 (Mitin) de mayo; 6 y 20 (Ruta especia) de junio; 1, [&hellip;]<\/p>\n","protected":false},"author":1,"featured_media":22839,"comment_status":"open","ping_status":"closed","sticky":false,"template":"","format":"standard","meta":{"_acf_changed":false,"_et_pb_use_builder":"","_et_pb_old_content":"","_et_gb_content_width":"","content-type":"","footnotes":""},"categories":[],"tags":[],"dipi_cpt_category":[],"class_list":["post-24668","post","type-post","status-publish","format-standard","has-post-thumbnail","hentry"],"acf":[],"_links":{"self":[{"href":"https:\/\/www.elvendrellturisme.com\/es\/wp-json\/wp\/v2\/posts\/24668","targetHints":{"allow":["GET"]}}],"collection":[{"href":"https:\/\/www.elvendrellturisme.com\/es\/wp-json\/wp\/v2\/posts"}],"about":[{"href":"https:\/\/www.elvendrellturisme.com\/es\/wp-json\/wp\/v2\/types\/post"}],"author":[{"embeddable":true,"href":"https:\/\/www.elvendrellturisme.com\/es\/wp-json\/wp\/v2\/users\/1"}],"replies":[{"embeddable":true,"href":"https:\/\/www.elvendrellturisme.com\/es\/wp-json\/wp\/v2\/comments?post=24668"}],"version-history":[{"count":0,"href":"https:\/\/www.elvendrellturisme.com\/es\/wp-json\/wp\/v2\/posts\/24668\/revisions"}],"wp:featuredmedia":[{"embeddable":true,"href":"https:\/\/www.elvendrellturisme.com\/es\/wp-json\/wp\/v2\/media\/22839"}],"wp:attachment":[{"href":"https:\/\/www.elvendrellturisme.com\/es\/wp-json\/wp\/v2\/media?parent=24668"}],"wp:term":[{"taxonomy":"category","embeddable":true,"href":"https:\/\/www.elvendrellturisme.com\/es\/wp-json\/wp\/v2\/categories?post=24668"},{"taxonomy":"post_tag","embeddable":true,"href":"https:\/\/www.elvendrellturisme.com\/es\/wp-json\/wp\/v2\/tags?post=24668"},{"taxonomy":"dipi_cpt_category","embeddable":true,"href":"https:\/\/www.elvendrellturisme.com\/es\/wp-json\/wp\/v2\/dipi_cpt_category?post=24668"}],"curies":[{"name":"wp","href":"https:\/\/api.w.org\/{rel}","templated":true}]}}