{"id":24670,"date":"2015-03-12T11:44:26","date_gmt":"2015-03-12T11:44:26","guid":{"rendered":"http:\/\/tv.dms3labs.cat\/se-presenta-en-barcelona-la-nueva-campana-de-villas-termales\/"},"modified":"2015-03-12T11:44:26","modified_gmt":"2015-03-12T11:44:26","slug":"se-presenta-en-barcelona-la-nueva-campana-de-villas-termales","status":"publish","type":"post","link":"https:\/\/www.elvendrellturisme.com\/es\/se-presenta-en-barcelona-la-nueva-campana-de-villas-termales\/","title":{"rendered":"Se presenta en Barcelona la nueva campa\u00f1a de Villas Termales"},"content":{"rendered":"<p>Los ocho municipios catalanes ligados al termalismo, integrantes del Consorcio de Villas Termales de Catalu\u00f1a, dan un nuevo impulso a la marca tur\u00edstica: &quot;Catalu\u00f1a Termal&quot;; un proyecto que tiene como principal objetivo impulsar el termalismo de casa y hacerlo con todos los valores a\u00f1adidos que ofrecen las especificidades de cada una de las villas termales, promoviendo la oferta tur\u00edstica vinculada a la actividad balnearia. La voluntad del Consorcio es colaborar en esta tarea con otras instituciones como la Generalitat, las Diputaciones, los Consejos Comarcales, y tambi\u00e9n con las asociaciones y los agentes tur\u00edsticos del \u00e1mbito privado.<\/p>\n<p>En este sentido y en la presentaci\u00f3n de ayer, el Born de Barcelona, \u200b\u200bel presidente del Consorcio y alcalde de Caldetes, Joaquim Arn\u00f3, resalt\u00f3 la propuesta de &quot;salir todo el mundo con una oferta que aglutine tanto los intereses del sector p\u00fablico como del sector privado &quot;. El concejal del Ayuntamiento de La Garriga, el historiador Albert Benzekry habl\u00f3 del valor de las aguas mineromedicinales y por \u00faltimo, el concejal del Ayuntamiento de Caldes de Montbui, Isidro Pineda present\u00f3 la nueva campa\u00f1a publicitaria de la marca Catalu\u00f1a Termal y el nuevo portal web www.catalunyatermal.cat.<\/p>\n<p>El Consejero de Empresa y Empleo Felip Puig, poner en valor, en la clausura del acto, que el turismo en Catalu\u00f1a &quot;es una parte de nuestro proyecto de pa\u00eds y parte de una posici\u00f3n fant\u00e1stica, y que a pesar de la competencia, hay que seguir innovando, adapt\u00e1ndose a las nuevas tendencias y velando por la excelencia de nuestra oferta &quot;.<\/p>\n<p>Las 8 villas termales catalanas agrupadas en el Consorcio representan la tradici\u00f3n termal catalana en su m\u00e1xima expresi\u00f3n: Caldes d&#8217;Estrac, Caldes de Malavella, Caldes de Montbui, el Vendrell, La Garriga, Sant Climent Sescebes, Sant Hilari Sacalm y Santa Coloma de Farners. Algunas de estas villas atesoran una tradici\u00f3n termal milenaria.<\/p>\n<p>Estos municipios catalanes tienen una gran riqueza hidromineral constituida por las aguas minerales, mineromedicinales y \/ o termales, declaradas de utilidad p\u00fablica, con propiedades terap\u00e9uticas preventivas para la salud. Las propiedades de estas aguas singulares tambi\u00e9n proporcionan bienestar, relajaci\u00f3n y equilibrio al cuerpo.<\/p>\n<p>Catalunyatermal.cat<\/p>\n<p>A partir de la puesta en marcha de la campa\u00f1a se ofrece un nuevo dise\u00f1o del portal Web del Consorcio (www.catalunyatermal.cat), con el objetivo de servir de plataforma para la promoci\u00f3n del turismo termal catal\u00e1n; con nuevos contenidos y elementos audiovisuales de difusi\u00f3n, bajo el lema: &quot;Sientes el agua?&quot;, que le permitir\u00e1n presentarse en cualquier parte como referente del turismo termal en el pa\u00eds.<\/p>\n<p>Los contenidos de catalunyatermal.cat nos adentran en la historia del termalismo en Catalu\u00f1a y sus beneficios, tanto terap\u00e9uticos como tur\u00edsticos; dan a conocer cada una de las 8 villas consorciadas, su singularidad y relaci\u00f3n con el termalismo y las aguas mineromedicinales y sus principales atractivos tur\u00edsticos y patrimoniales, haciendo especial \u00e9nfasis con ofertas complementarias como el turismo cultural y el senderismo. Sin embargo nos dirige a todos los establecimientos balnearios de los 8 municipios.<\/p>\n","protected":false},"excerpt":{"rendered":"<p>Los ocho municipios catalanes ligados al termalismo, integrantes del Consorcio de Villas Termales de Catalu\u00f1a, dan un nuevo impulso a la marca tur\u00edstica: &quot;Catalu\u00f1a Termal&quot;; un proyecto que tiene como principal objetivo impulsar el termalismo de casa y hacerlo con todos los valores a\u00f1adidos que ofrecen las especificidades de cada una de las villas termales, [&hellip;]<\/p>\n","protected":false},"author":1,"featured_media":22843,"comment_status":"open","ping_status":"closed","sticky":false,"template":"","format":"standard","meta":{"_acf_changed":false,"_et_pb_use_builder":"","_et_pb_old_content":"","_et_gb_content_width":"","content-type":"","footnotes":""},"categories":[],"tags":[],"dipi_cpt_category":[],"class_list":["post-24670","post","type-post","status-publish","format-standard","has-post-thumbnail","hentry"],"acf":[],"_links":{"self":[{"href":"https:\/\/www.elvendrellturisme.com\/es\/wp-json\/wp\/v2\/posts\/24670","targetHints":{"allow":["GET"]}}],"collection":[{"href":"https:\/\/www.elvendrellturisme.com\/es\/wp-json\/wp\/v2\/posts"}],"about":[{"href":"https:\/\/www.elvendrellturisme.com\/es\/wp-json\/wp\/v2\/types\/post"}],"author":[{"embeddable":true,"href":"https:\/\/www.elvendrellturisme.com\/es\/wp-json\/wp\/v2\/users\/1"}],"replies":[{"embeddable":true,"href":"https:\/\/www.elvendrellturisme.com\/es\/wp-json\/wp\/v2\/comments?post=24670"}],"version-history":[{"count":0,"href":"https:\/\/www.elvendrellturisme.com\/es\/wp-json\/wp\/v2\/posts\/24670\/revisions"}],"wp:featuredmedia":[{"embeddable":true,"href":"https:\/\/www.elvendrellturisme.com\/es\/wp-json\/wp\/v2\/media\/22843"}],"wp:attachment":[{"href":"https:\/\/www.elvendrellturisme.com\/es\/wp-json\/wp\/v2\/media?parent=24670"}],"wp:term":[{"taxonomy":"category","embeddable":true,"href":"https:\/\/www.elvendrellturisme.com\/es\/wp-json\/wp\/v2\/categories?post=24670"},{"taxonomy":"post_tag","embeddable":true,"href":"https:\/\/www.elvendrellturisme.com\/es\/wp-json\/wp\/v2\/tags?post=24670"},{"taxonomy":"dipi_cpt_category","embeddable":true,"href":"https:\/\/www.elvendrellturisme.com\/es\/wp-json\/wp\/v2\/dipi_cpt_category?post=24670"}],"curies":[{"name":"wp","href":"https:\/\/api.w.org\/{rel}","templated":true}]}}