{"id":24677,"date":"2015-04-22T10:38:45","date_gmt":"2015-04-22T10:38:45","guid":{"rendered":"http:\/\/tv.dms3labs.cat\/la-proxima-semana-se-pone-en-marcha-el-nuevo-servicio-de-transporte-publico-urbano-de-el-vendrell\/"},"modified":"2015-04-22T10:38:45","modified_gmt":"2015-04-22T10:38:45","slug":"la-proxima-semana-se-pone-en-marcha-el-nuevo-servicio-de-transporte-publico-urbano-de-el-vendrell","status":"publish","type":"post","link":"https:\/\/www.elvendrellturisme.com\/es\/la-proxima-semana-se-pone-en-marcha-el-nuevo-servicio-de-transporte-publico-urbano-de-el-vendrell\/","title":{"rendered":"La pr\u00f3xima semana se pone en marcha el nuevo servicio de transporte p\u00fablico urbano de El Vendrell"},"content":{"rendered":"<p>El pr\u00f3ximo lunes 27 de abril se pondr\u00e1 en marcha el nuevo servicio de transporte p\u00fablico urbano que parte de la integraci\u00f3n de las l\u00edneas interurbanas de autob\u00fas con las urbanas. Por tanto, la l\u00ednea de Vilafranca del Pened\u00e8s en Tarragona utilizar\u00e1 tambi\u00e9n para los desplazamientos dentro del municipio. Por otra parte, para los escolar habr\u00e1 trayectos diferenciados a las horas de entrada y salida de las escuelas.<\/p>\n<p>Los nuevos horarios ya se pueden consultar en la web municipal(https:\/\/www.elvendrell.net\/mou-te-en-transport-public-cid-822\/transport-public-urba-del-vendrell-cid-823) y en la web de Autocares Pened\u00e8s (https:\/\/www.autocarsdelpenedes.com\/\/horarios\/horaris-2015.pdf).<\/p>\n","protected":false},"excerpt":{"rendered":"<p>El pr\u00f3ximo lunes 27 de abril se pondr\u00e1 en marcha el nuevo servicio de transporte p\u00fablico urbano que parte de la integraci\u00f3n de las l\u00edneas interurbanas de autob\u00fas con las urbanas. Por tanto, la l\u00ednea de Vilafranca del Pened\u00e8s en Tarragona utilizar\u00e1 tambi\u00e9n para los desplazamientos dentro del municipio. Por otra parte, para los escolar [&hellip;]<\/p>\n","protected":false},"author":1,"featured_media":22857,"comment_status":"open","ping_status":"closed","sticky":false,"template":"","format":"standard","meta":{"_acf_changed":false,"_et_pb_use_builder":"","_et_pb_old_content":"","_et_gb_content_width":"","content-type":"","footnotes":""},"categories":[],"tags":[],"dipi_cpt_category":[],"class_list":["post-24677","post","type-post","status-publish","format-standard","has-post-thumbnail","hentry"],"acf":[],"_links":{"self":[{"href":"https:\/\/www.elvendrellturisme.com\/es\/wp-json\/wp\/v2\/posts\/24677","targetHints":{"allow":["GET"]}}],"collection":[{"href":"https:\/\/www.elvendrellturisme.com\/es\/wp-json\/wp\/v2\/posts"}],"about":[{"href":"https:\/\/www.elvendrellturisme.com\/es\/wp-json\/wp\/v2\/types\/post"}],"author":[{"embeddable":true,"href":"https:\/\/www.elvendrellturisme.com\/es\/wp-json\/wp\/v2\/users\/1"}],"replies":[{"embeddable":true,"href":"https:\/\/www.elvendrellturisme.com\/es\/wp-json\/wp\/v2\/comments?post=24677"}],"version-history":[{"count":0,"href":"https:\/\/www.elvendrellturisme.com\/es\/wp-json\/wp\/v2\/posts\/24677\/revisions"}],"wp:featuredmedia":[{"embeddable":true,"href":"https:\/\/www.elvendrellturisme.com\/es\/wp-json\/wp\/v2\/media\/22857"}],"wp:attachment":[{"href":"https:\/\/www.elvendrellturisme.com\/es\/wp-json\/wp\/v2\/media?parent=24677"}],"wp:term":[{"taxonomy":"category","embeddable":true,"href":"https:\/\/www.elvendrellturisme.com\/es\/wp-json\/wp\/v2\/categories?post=24677"},{"taxonomy":"post_tag","embeddable":true,"href":"https:\/\/www.elvendrellturisme.com\/es\/wp-json\/wp\/v2\/tags?post=24677"},{"taxonomy":"dipi_cpt_category","embeddable":true,"href":"https:\/\/www.elvendrellturisme.com\/es\/wp-json\/wp\/v2\/dipi_cpt_category?post=24677"}],"curies":[{"name":"wp","href":"https:\/\/api.w.org\/{rel}","templated":true}]}}