{"id":24681,"date":"2015-05-02T11:40:09","date_gmt":"2015-05-02T11:40:09","guid":{"rendered":"http:\/\/tv.dms3labs.cat\/4a-ruta-de-tapas-el-vendrell\/"},"modified":"2015-05-02T11:40:09","modified_gmt":"2015-05-02T11:40:09","slug":"4a-ruta-de-tapas-el-vendrell","status":"publish","type":"post","link":"https:\/\/www.elvendrellturisme.com\/es\/4a-ruta-de-tapas-el-vendrell\/","title":{"rendered":"4\u00aa Ruta de tapas El Vendrell"},"content":{"rendered":"<p>Del 30 de abril al 10 de mayo, las tostadas, las barquillas, los pinchos y las tortas son las protagonistas de la 4\u00aa Ruta de tapas El Vendrell, una iniciativa gastron\u00f3mica muy sabrosa por segunda vez organizada por Estrella Damm y el Gremio de hosteler\u00eda del Baix Pened\u00e8s con el apoyo del Ayuntamiento de El Vendrell.<\/p>\n<p>Los establecimientos m\u00e1s emblem\u00e1ticos de la localidad presentan sus creaciones m\u00e1s irresistibles, que se pueden degustar acompa\u00f1adas de un quinto o ca\u00f1a de Estrella Damm a un precio \u00fanico de 2,30 \u20ac.<\/p>\n<p>Se invita a todos a saborear la experiencia y participar en el concurso que premia la mejor tapa de la ruta. El premio es un Smartbox para dos personas y el establecimiento ganador participar\u00e1 en el concurso de la Tapa del a\u00f1o 2015.<\/p>\n","protected":false},"excerpt":{"rendered":"<p>Del 30 de abril al 10 de mayo, las tostadas, las barquillas, los pinchos y las tortas son las protagonistas de la 4\u00aa Ruta de tapas El Vendrell, una iniciativa gastron\u00f3mica muy sabrosa por segunda vez organizada por Estrella Damm y el Gremio de hosteler\u00eda del Baix Pened\u00e8s con el apoyo del Ayuntamiento de El [&hellip;]<\/p>\n","protected":false},"author":1,"featured_media":22865,"comment_status":"open","ping_status":"closed","sticky":false,"template":"","format":"standard","meta":{"_acf_changed":false,"_et_pb_use_builder":"","_et_pb_old_content":"","_et_gb_content_width":"","content-type":"","footnotes":""},"categories":[],"tags":[],"dipi_cpt_category":[],"class_list":["post-24681","post","type-post","status-publish","format-standard","has-post-thumbnail","hentry"],"acf":[],"_links":{"self":[{"href":"https:\/\/www.elvendrellturisme.com\/es\/wp-json\/wp\/v2\/posts\/24681","targetHints":{"allow":["GET"]}}],"collection":[{"href":"https:\/\/www.elvendrellturisme.com\/es\/wp-json\/wp\/v2\/posts"}],"about":[{"href":"https:\/\/www.elvendrellturisme.com\/es\/wp-json\/wp\/v2\/types\/post"}],"author":[{"embeddable":true,"href":"https:\/\/www.elvendrellturisme.com\/es\/wp-json\/wp\/v2\/users\/1"}],"replies":[{"embeddable":true,"href":"https:\/\/www.elvendrellturisme.com\/es\/wp-json\/wp\/v2\/comments?post=24681"}],"version-history":[{"count":0,"href":"https:\/\/www.elvendrellturisme.com\/es\/wp-json\/wp\/v2\/posts\/24681\/revisions"}],"wp:featuredmedia":[{"embeddable":true,"href":"https:\/\/www.elvendrellturisme.com\/es\/wp-json\/wp\/v2\/media\/22865"}],"wp:attachment":[{"href":"https:\/\/www.elvendrellturisme.com\/es\/wp-json\/wp\/v2\/media?parent=24681"}],"wp:term":[{"taxonomy":"category","embeddable":true,"href":"https:\/\/www.elvendrellturisme.com\/es\/wp-json\/wp\/v2\/categories?post=24681"},{"taxonomy":"post_tag","embeddable":true,"href":"https:\/\/www.elvendrellturisme.com\/es\/wp-json\/wp\/v2\/tags?post=24681"},{"taxonomy":"dipi_cpt_category","embeddable":true,"href":"https:\/\/www.elvendrellturisme.com\/es\/wp-json\/wp\/v2\/dipi_cpt_category?post=24681"}],"curies":[{"name":"wp","href":"https:\/\/api.w.org\/{rel}","templated":true}]}}