{"id":24682,"date":"2015-05-02T11:43:53","date_gmt":"2015-05-02T11:43:53","guid":{"rendered":"http:\/\/tv.dms3labs.cat\/todo-listo-para-el-19o-concurso-de-rosas-el-vendrell\/"},"modified":"2015-05-02T11:43:53","modified_gmt":"2015-05-02T11:43:53","slug":"todo-listo-para-el-19o-concurso-de-rosas-el-vendrell","status":"publish","type":"post","link":"https:\/\/www.elvendrellturisme.com\/es\/todo-listo-para-el-19o-concurso-de-rosas-el-vendrell\/","title":{"rendered":"Todo listo para el 19\u00ba Concurso de Rosas El Vendrell"},"content":{"rendered":"<p>El fin de semana del 9 y 10 de mayo el Vendrell celebrar\u00e1 el 19\u00ba Concurso de Rosas en el Centro c\u00edvico La Estaci\u00f3n.<\/p>\n<p>Desde hace diecinueve a\u00f1os, el Concurso de Rosas es un acto para celebrar la primavera en el Vendrell, ya que se puede disfrutar de los colores y los olores que caracterizan esta \u00e9poca del a\u00f1o. El sal\u00f3n de actos del Centro c\u00edvico La Estaci\u00f3n llenar\u00e1 de diferentes variedades de rosas para que sean vistas por el p\u00fablico visitante. Entre estas variedades, cabe destacar la rosa Pau Casals, que lleva el nombre del Maestro e hijo ilustre de El Vendrell. Tambi\u00e9n hay lugar para rosas propias de otros lugares, como la rosa variedad Ciudad de Reus, que ya hace unos a\u00f1os que participa. Hay que decir que cada a\u00f1o se hace m\u00e1s complicada la deliberaci\u00f3n del Jurado para elegir las mejores.<\/p>\n<p>Tanto el s\u00e1bado 9 como el domingo 10 de mayo tendr\u00e1 lugar uno de los actos m\u00e1s emblem\u00e1ticos del calendario de actividades que se llevan a cabo en el Vendrell durante todo el a\u00f1o, un acto que cuenta con una gran participaci\u00f3n ya la vez tiene un gran volumen de visitantes. El a\u00f1o pasado hubo 86 participantes y se expusieron un total de 2.000 rosas. En cuanto a los participantes, la mayor\u00eda eran del Vendrell y de la comarca, as\u00ed como de otras poblaciones como Roda de Bar\u00e1 y Martorell.<\/p>\n<p>El s\u00e1bado 9 de mayo, de 8 ha 11 h, en el Centro c\u00edvico La Estaci\u00f3n, se har\u00e1 la recepci\u00f3n de las rosas concursantes; de 12:30 ha 13:30 h, se har\u00e1 la deliberaci\u00f3n del Jurado, ya partir de las 17 hy hasta las 21 h el p\u00fablico podr\u00e1 visitar la muestra, que tambi\u00e9n se podr\u00e1 ver en el d\u00eda despu\u00e9s de 10 ha 14 hy de 17 ha 21 h. Y el domingo 10 de mayo, a las 18 h, tendr\u00e1 lugar la entrega de premios.<\/p>\n<p>Para m\u00e1s informaci\u00f3n e inscripciones, hay que dirigirse a la Concejal\u00eda de Promoci\u00f3n Econ\u00f3mica, en el Camino Real, 13-17 (Tel. 977 66 52 53). Las bases de participaci\u00f3n se pueden consultar en la web municipal en el siguiente enlace: https:\/\/www.elvendrell.net\/concurs-de-roses-cid-592.<\/p>\n","protected":false},"excerpt":{"rendered":"<p>El fin de semana del 9 y 10 de mayo el Vendrell celebrar\u00e1 el 19\u00ba Concurso de Rosas en el Centro c\u00edvico La Estaci\u00f3n. Desde hace diecinueve a\u00f1os, el Concurso de Rosas es un acto para celebrar la primavera en el Vendrell, ya que se puede disfrutar de los colores y los olores que caracterizan [&hellip;]<\/p>\n","protected":false},"author":1,"featured_media":22867,"comment_status":"open","ping_status":"closed","sticky":false,"template":"","format":"standard","meta":{"_acf_changed":false,"_et_pb_use_builder":"","_et_pb_old_content":"","_et_gb_content_width":"","content-type":"","footnotes":""},"categories":[],"tags":[],"dipi_cpt_category":[],"class_list":["post-24682","post","type-post","status-publish","format-standard","has-post-thumbnail","hentry"],"acf":[],"_links":{"self":[{"href":"https:\/\/www.elvendrellturisme.com\/es\/wp-json\/wp\/v2\/posts\/24682","targetHints":{"allow":["GET"]}}],"collection":[{"href":"https:\/\/www.elvendrellturisme.com\/es\/wp-json\/wp\/v2\/posts"}],"about":[{"href":"https:\/\/www.elvendrellturisme.com\/es\/wp-json\/wp\/v2\/types\/post"}],"author":[{"embeddable":true,"href":"https:\/\/www.elvendrellturisme.com\/es\/wp-json\/wp\/v2\/users\/1"}],"replies":[{"embeddable":true,"href":"https:\/\/www.elvendrellturisme.com\/es\/wp-json\/wp\/v2\/comments?post=24682"}],"version-history":[{"count":0,"href":"https:\/\/www.elvendrellturisme.com\/es\/wp-json\/wp\/v2\/posts\/24682\/revisions"}],"wp:featuredmedia":[{"embeddable":true,"href":"https:\/\/www.elvendrellturisme.com\/es\/wp-json\/wp\/v2\/media\/22867"}],"wp:attachment":[{"href":"https:\/\/www.elvendrellturisme.com\/es\/wp-json\/wp\/v2\/media?parent=24682"}],"wp:term":[{"taxonomy":"category","embeddable":true,"href":"https:\/\/www.elvendrellturisme.com\/es\/wp-json\/wp\/v2\/categories?post=24682"},{"taxonomy":"post_tag","embeddable":true,"href":"https:\/\/www.elvendrellturisme.com\/es\/wp-json\/wp\/v2\/tags?post=24682"},{"taxonomy":"dipi_cpt_category","embeddable":true,"href":"https:\/\/www.elvendrellturisme.com\/es\/wp-json\/wp\/v2\/dipi_cpt_category?post=24682"}],"curies":[{"name":"wp","href":"https:\/\/api.w.org\/{rel}","templated":true}]}}