{"id":24686,"date":"2015-05-22T10:45:46","date_gmt":"2015-05-22T10:45:46","guid":{"rendered":"http:\/\/tv.dms3labs.cat\/finaliza-la-18a-temporada-de-la-ruta-del-xato\/"},"modified":"2015-05-22T10:45:46","modified_gmt":"2015-05-22T10:45:46","slug":"finaliza-la-18a-temporada-de-la-ruta-del-xato","status":"publish","type":"post","link":"https:\/\/www.elvendrellturisme.com\/es\/finaliza-la-18a-temporada-de-la-ruta-del-xato\/","title":{"rendered":"Finaliza la 18\u00aa temporada de la Ruta del Xat\u00f3"},"content":{"rendered":"<p>El lunes 18 de mayo, en el Claustro de San Francisco, tuvo lugar el acto de clausura de la 18\u00aa temporada de la Ruta del Xat\u00f3, la propuesta de turismo gastron\u00f3mico que las comarcas del Alt Pened\u00e8s, Baix Pened\u00e8s y Garraf dedican a una de sus recetas m\u00e1s internacionales, el xat\u00f3.<\/p>\n","protected":false},"excerpt":{"rendered":"<p>El lunes 18 de mayo, en el Claustro de San Francisco, tuvo lugar el acto de clausura de la 18\u00aa temporada de la Ruta del Xat\u00f3, la propuesta de turismo gastron\u00f3mico que las comarcas del Alt Pened\u00e8s, Baix Pened\u00e8s y Garraf dedican a una de sus recetas m\u00e1s internacionales, el xat\u00f3.<\/p>\n","protected":false},"author":1,"featured_media":22875,"comment_status":"open","ping_status":"closed","sticky":false,"template":"","format":"standard","meta":{"_acf_changed":false,"_et_pb_use_builder":"","_et_pb_old_content":"","_et_gb_content_width":"","content-type":"","footnotes":""},"categories":[],"tags":[],"dipi_cpt_category":[],"class_list":["post-24686","post","type-post","status-publish","format-standard","has-post-thumbnail","hentry"],"acf":[],"_links":{"self":[{"href":"https:\/\/www.elvendrellturisme.com\/es\/wp-json\/wp\/v2\/posts\/24686","targetHints":{"allow":["GET"]}}],"collection":[{"href":"https:\/\/www.elvendrellturisme.com\/es\/wp-json\/wp\/v2\/posts"}],"about":[{"href":"https:\/\/www.elvendrellturisme.com\/es\/wp-json\/wp\/v2\/types\/post"}],"author":[{"embeddable":true,"href":"https:\/\/www.elvendrellturisme.com\/es\/wp-json\/wp\/v2\/users\/1"}],"replies":[{"embeddable":true,"href":"https:\/\/www.elvendrellturisme.com\/es\/wp-json\/wp\/v2\/comments?post=24686"}],"version-history":[{"count":0,"href":"https:\/\/www.elvendrellturisme.com\/es\/wp-json\/wp\/v2\/posts\/24686\/revisions"}],"wp:featuredmedia":[{"embeddable":true,"href":"https:\/\/www.elvendrellturisme.com\/es\/wp-json\/wp\/v2\/media\/22875"}],"wp:attachment":[{"href":"https:\/\/www.elvendrellturisme.com\/es\/wp-json\/wp\/v2\/media?parent=24686"}],"wp:term":[{"taxonomy":"category","embeddable":true,"href":"https:\/\/www.elvendrellturisme.com\/es\/wp-json\/wp\/v2\/categories?post=24686"},{"taxonomy":"post_tag","embeddable":true,"href":"https:\/\/www.elvendrellturisme.com\/es\/wp-json\/wp\/v2\/tags?post=24686"},{"taxonomy":"dipi_cpt_category","embeddable":true,"href":"https:\/\/www.elvendrellturisme.com\/es\/wp-json\/wp\/v2\/dipi_cpt_category?post=24686"}],"curies":[{"name":"wp","href":"https:\/\/api.w.org\/{rel}","templated":true}]}}